{"id":5142,"date":"2025-10-20T10:31:44","date_gmt":"2025-10-20T13:31:44","guid":{"rendered":"https:\/\/diarioparanaense.com\/?p=5142"},"modified":"2025-10-20T10:31:45","modified_gmt":"2025-10-20T13:31:45","slug":"rede-una-tem-novas-oportunidades-para-a-classe-media-com-ampliacao-do-credito-imobiliario","status":"publish","type":"post","link":"https:\/\/diarioparanaense.com\/?p=5142","title":{"rendered":"Rede Una tem novas oportunidades para a classe m\u00e9dia com amplia\u00e7\u00e3o do cr\u00e9dito imobili\u00e1rio"},"content":{"rendered":"\n<p class=\"has-medium-font-size\">Entidade formada por 44 imobili\u00e1rias associadas acredita no aumento do volume de neg\u00f3cios ap\u00f3s an\u00fancio do governo federal<\/p>\n\n\n\n<p>A Rede Una Im\u00f3veis Conectados, nascida em Curitiba, destaca que o novo modelo de cr\u00e9dito imobili\u00e1rio anunciado pelo Governo Federal abre novas possibilidades para a classe m\u00e9dia conquistar a casa pr\u00f3pria. Com a reformula\u00e7\u00e3o das regras de financiamento, fam\u00edlias com renda entre R$ 12 mil e R$ 20 mil agora poder\u00e3o acessar financiamentos com juros limitados a 12% ao ano e valor m\u00e1ximo de im\u00f3vel ampliado para R$ 2,25 milh\u00f5es, por meio do Sistema Financeiro da Habita\u00e7\u00e3o (SFH).<\/p>\n\n\n\n<p>Para Elcio Gomes, presidente da Rede Una Im\u00f3veis Conectados, as medidas anunciadas pelo governo federal devem impulsionar o fechamento de neg\u00f3cios em todas as imobili\u00e1rias da rede. \u201cA not\u00edcia \u00e9 \u00f3tima, pois pol\u00edticas habitacionais que flexibilizam o cr\u00e9dito sempre atraem novos clientes e tenho convic\u00e7\u00e3o de que nossos associados podem se beneficiar disso, aumentando o leque de oportunidades a oferecer\u201d, enfatiza.<\/p>\n\n\n\n<p>Opini\u00e3o compartilhada por Josu\u00e9 Pedro de Souza, vice-presidente de lan\u00e7amentos e comercializa\u00e7\u00e3o imobili\u00e1ria do Secovi-PR e diretor da Josu\u00e9 Souza Im\u00f3veis. \u201cEsta mudan\u00e7a vem em boa hora, pois o teto anterior era R$1,5 mi, o que traz arrefecimento na taxa de juros, que agora se enquadra no Sistema Brasileiro de Poupan\u00e7a e Empr\u00e9stimos da Caixa e ficar\u00e1 na m\u00e9dia de 12% ao ano, certamente aumentando o volume de neg\u00f3cios\u201d, prev\u00ea.<\/p>\n\n\n\n<p>O an\u00fancio deve movimentar o mercado de im\u00f3veis usados ou novos prontos, muito procurados por quem quer comprar o im\u00f3vel para ocupa\u00e7\u00e3o imediata. \u201cTaxas mais atrativas motivam as pessoas a fazerem um upgrade na moradia ou eventualmente a sair do aluguel para investir em sua casa pr\u00f3pria\u201d, acrescenta Josu\u00e9 Pedro de Souza.<\/p>\n\n\n\n<p>Izabel Maestrelli, da Imobili\u00e1ria Tantus, tamb\u00e9m integrante da Rede Una, destaca o novo perfil de clientes que o mercado poder\u00e1 absorver. \u201cIremos perceber a olho nu que fam\u00edlias com renda a partir de R$ 12 mil v\u00e3o poder diversificar um pouco mais e elevar seu perfil socioecon\u00f4mico. As imobili\u00e1rias passar\u00e3o a atender um p\u00fablico que antes estava em d\u00favida e sem condi\u00e7\u00f5es de suportar os juros altos do mercado. Pessoas que podemos incluir em profissionais liberais, servidores p\u00fablicos e casais com dupla renda\u201d, afirma.<\/p>\n\n\n\n<p>A medida anunciada pelo governo federal, que promete viabilizar at\u00e9 80 mil novas moradias at\u00e9 2026, deve movimentar significativamente o mercado imobili\u00e1rio e impulsionar as vendas de im\u00f3veis de m\u00e9dio padr\u00e3o, segmento no qual a Rede Una atua com for\u00e7a.<\/p>\n\n\n\n<p>Criada em 2023, a entidade re\u00fane atualmente 44 associados e disponibiliza quase 6 mil im\u00f3veis exclusivos para venda e loca\u00e7\u00e3o em seu portal <a href=\"http:\/\/unaimoveisconectados.com.br\">unaimoveisconectados.com.br<\/a>. A expectativa \u00e9 que o novo cen\u00e1rio de cr\u00e9dito aque\u00e7a as negocia\u00e7\u00f5es e amplie o acesso da classe m\u00e9dia a im\u00f3veis de maior valor e melhor localiza\u00e7\u00e3o em Curitiba e em outras regi\u00f5es\u00a0do\u00a0estado.<\/p>\n","protected":false},"excerpt":{"rendered":"<p>Entidade formada por 44 imobili\u00e1rias associadas acredita no aumento do volume de neg\u00f3cios ap\u00f3s an\u00fancio do governo federal A Rede Una Im\u00f3veis Conectados, nascida em Curitiba, destaca que o novo modelo de cr\u00e9dito imobili\u00e1rio anunciado pelo Governo Federal abre novas possibilidades para a classe m\u00e9dia conquistar a casa pr\u00f3pria. Com a reformula\u00e7\u00e3o das regras de [&hellip;]<\/p>\n","protected":false},"author":1,"featured_media":5143,"comment_status":"open","ping_status":"open","sticky":false,"template":"","format":"standard","meta":{"footnotes":""},"categories":[1],"tags":[],"class_list":["post-5142","post","type-post","status-publish","format-standard","has-post-thumbnail","hentry","category-sem-categoria"],"_links":{"self":[{"href":"https:\/\/diarioparanaense.com\/index.php?rest_route=\/wp\/v2\/posts\/5142","targetHints":{"allow":["GET"]}}],"collection":[{"href":"https:\/\/diarioparanaense.com\/index.php?rest_route=\/wp\/v2\/posts"}],"about":[{"href":"https:\/\/diarioparanaense.com\/index.php?rest_route=\/wp\/v2\/types\/post"}],"author":[{"embeddable":true,"href":"https:\/\/diarioparanaense.com\/index.php?rest_route=\/wp\/v2\/users\/1"}],"replies":[{"embeddable":true,"href":"https:\/\/diarioparanaense.com\/index.php?rest_route=%2Fwp%2Fv2%2Fcomments&post=5142"}],"version-history":[{"count":1,"href":"https:\/\/diarioparanaense.com\/index.php?rest_route=\/wp\/v2\/posts\/5142\/revisions"}],"predecessor-version":[{"id":5144,"href":"https:\/\/diarioparanaense.com\/index.php?rest_route=\/wp\/v2\/posts\/5142\/revisions\/5144"}],"wp:featuredmedia":[{"embeddable":true,"href":"https:\/\/diarioparanaense.com\/index.php?rest_route=\/wp\/v2\/media\/5143"}],"wp:attachment":[{"href":"https:\/\/diarioparanaense.com\/index.php?rest_route=%2Fwp%2Fv2%2Fmedia&parent=5142"}],"wp:term":[{"taxonomy":"category","embeddable":true,"href":"https:\/\/diarioparanaense.com\/index.php?rest_route=%2Fwp%2Fv2%2Fcategories&post=5142"},{"taxonomy":"post_tag","embeddable":true,"href":"https:\/\/diarioparanaense.com\/index.php?rest_route=%2Fwp%2Fv2%2Ftags&post=5142"}],"curies":[{"name":"wp","href":"https:\/\/api.w.org\/{rel}","templated":true}]}}