{"id":5128,"date":"2025-10-14T16:30:52","date_gmt":"2025-10-14T19:30:52","guid":{"rendered":"https:\/\/diarioparanaense.com\/?p=5128"},"modified":"2025-10-14T16:51:40","modified_gmt":"2025-10-14T19:51:40","slug":"geracao-professor-propoe-caminhos-para-reverter-deficit-de-docentes-no-brasil","status":"publish","type":"post","link":"https:\/\/diarioparanaense.com\/?p=5128","title":{"rendered":"Gera\u00e7\u00e3o Professor prop\u00f5e caminhos para reverter d\u00e9ficit de docentes no Brasil"},"content":{"rendered":"\n<p class=\"has-medium-font-size\">Projeto idealizado pelo Instituto Destino Brasil, em parceria com a PUCPR e a Secretaria de Educa\u00e7\u00e3o, re\u00fane mais de 700 estudantes de Magist\u00e9rio em Curitiba<\/p>\n\n\n\n<p>O Brasil enfrenta um d\u00e9ficit crescente de professores. Estimativas do Semesp (Sindicato das Entidades Mantenedoras de Estabelecimentos de Ensino Superior no Estado de S\u00e3o Paulo) apontam que a educa\u00e7\u00e3o b\u00e1sica pode ter uma falta de 235 mil docentes at\u00e9 2040. Para reverter esse cen\u00e1rio, o Instituto Destino Brasil, em parceria com a Pontif\u00edcia Universidade Cat\u00f3lica do Paran\u00e1 (PUCPR) e a Secretaria de Estado da Educa\u00e7\u00e3o do Paran\u00e1 (Seed-PR), idealizou o projeto Gera\u00e7\u00e3o Professor, que busca inspirar jovens e fortalecer o magist\u00e9rio no Pa\u00eds.<\/p>\n\n\n\n<p>\u201cO Brasil precisa de uma nova gera\u00e7\u00e3o de educadores que se reconhe\u00e7am como agentes de transforma\u00e7\u00e3o. A doc\u00eancia \u00e9 uma voca\u00e7\u00e3o, mas tamb\u00e9m precisa de incentivo e reconhecimento. O Gera\u00e7\u00e3o Professor nasce com essa miss\u00e3o: valorizar o futuro da profiss\u00e3o e conectar prop\u00f3sito \u00e0 forma\u00e7\u00e3o\u201d, afirma Ademar Batista Pereira, presidente do Instituto Destino Brasil.<\/p>\n\n\n\n<p>O projeto visa combater o chamado \u201capag\u00e3o de professores\u201d que amea\u00e7a as salas de aula, especialmente nas \u00e1reas de Matem\u00e1tica, F\u00edsica e Qu\u00edmica, disciplinas com os maiores \u00edndices de escassez de profissionais. Al\u00e9m de sensibilizar estudantes do Magist\u00e9rio, a iniciativa busca articular escolas, universidades e poder p\u00fablico em torno de estrat\u00e9gias concretas para a valoriza\u00e7\u00e3o da carreira docente.<\/p>\n\n\n\n<p class=\"has-medium-font-size\">Evento reuniu mais de 700 estudantes de magist\u00e9rio do Paran\u00e1<\/p>\n\n\n\n<p>Como parte das a\u00e7\u00f5es do projeto, o evento Gera\u00e7\u00e3o Professor reuniu nesta ter\u00e7a-feira (14), no gin\u00e1sio da PUCPR, mais de 700 estudantes de Magist\u00e9rio de diversas regi\u00f5es do Paran\u00e1. A programa\u00e7\u00e3o contou com falas de representantes das institui\u00e7\u00f5es parceiras, palestra sobre o futuro da educa\u00e7\u00e3o, orienta\u00e7\u00f5es sobre cursos de licenciatura e um tour pelo c\u00e2mpus da Universidade.<\/p>\n\n\n\n<p>\u201cSabemos que o Brasil enfrenta a escassez de profissionais nas \u00e1reas de licenciatura. A car\u00eancia de professores nessas \u00e1reas impacta diretamente a qualidade do ensino e limita o potencial de desenvolvimento educacional do Pa\u00eds\u201d, destaca o professor C\u00e9sar Candiotto, decano da Escola de Educa\u00e7\u00e3o e Humanidades da PUCPR.<\/p>\n\n\n\n<p class=\"has-medium-font-size\">Bolsa Magist\u00e9rio: incentivo \u00e0 continuidade dos estudos<\/p>\n\n\n\n<p>Durante o evento, a PUCPR apresentou o programa Bolsa Magist\u00e9rio, uma oportunidade para estudantes que conclu\u00edram o ensino m\u00e9dio em cursos de Magist\u00e9rio e desejam ingressar na Universidade no 1\u00ba semestre de 2026. O benef\u00edcio oferece 50% de desconto em licenciaturas como Filosofia, Hist\u00f3ria, Letras, Pedagogia e Ci\u00eancias Sociais, e 60% de desconto em cursos de Matem\u00e1tica, F\u00edsica e Qu\u00edmica, a partir da segunda mensalidade, at\u00e9 o&nbsp;final&nbsp;do&nbsp;curso.<\/p>\n","protected":false},"excerpt":{"rendered":"<p>Projeto idealizado pelo Instituto Destino Brasil, em parceria com a PUCPR e a Secretaria de Educa\u00e7\u00e3o, re\u00fane mais de 700 estudantes de Magist\u00e9rio em Curitiba O Brasil enfrenta um d\u00e9ficit crescente de professores. Estimativas do Semesp (Sindicato das Entidades Mantenedoras de Estabelecimentos de Ensino Superior no Estado de S\u00e3o Paulo) apontam que a educa\u00e7\u00e3o b\u00e1sica [&hellip;]<\/p>\n","protected":false},"author":1,"featured_media":5129,"comment_status":"open","ping_status":"open","sticky":false,"template":"","format":"standard","meta":{"footnotes":""},"categories":[148],"tags":[],"class_list":["post-5128","post","type-post","status-publish","format-standard","has-post-thumbnail","hentry","category-educacao"],"_links":{"self":[{"href":"https:\/\/diarioparanaense.com\/index.php?rest_route=\/wp\/v2\/posts\/5128","targetHints":{"allow":["GET"]}}],"collection":[{"href":"https:\/\/diarioparanaense.com\/index.php?rest_route=\/wp\/v2\/posts"}],"about":[{"href":"https:\/\/diarioparanaense.com\/index.php?rest_route=\/wp\/v2\/types\/post"}],"author":[{"embeddable":true,"href":"https:\/\/diarioparanaense.com\/index.php?rest_route=\/wp\/v2\/users\/1"}],"replies":[{"embeddable":true,"href":"https:\/\/diarioparanaense.com\/index.php?rest_route=%2Fwp%2Fv2%2Fcomments&post=5128"}],"version-history":[{"count":1,"href":"https:\/\/diarioparanaense.com\/index.php?rest_route=\/wp\/v2\/posts\/5128\/revisions"}],"predecessor-version":[{"id":5130,"href":"https:\/\/diarioparanaense.com\/index.php?rest_route=\/wp\/v2\/posts\/5128\/revisions\/5130"}],"wp:featuredmedia":[{"embeddable":true,"href":"https:\/\/diarioparanaense.com\/index.php?rest_route=\/wp\/v2\/media\/5129"}],"wp:attachment":[{"href":"https:\/\/diarioparanaense.com\/index.php?rest_route=%2Fwp%2Fv2%2Fmedia&parent=5128"}],"wp:term":[{"taxonomy":"category","embeddable":true,"href":"https:\/\/diarioparanaense.com\/index.php?rest_route=%2Fwp%2Fv2%2Fcategories&post=5128"},{"taxonomy":"post_tag","embeddable":true,"href":"https:\/\/diarioparanaense.com\/index.php?rest_route=%2Fwp%2Fv2%2Ftags&post=5128"}],"curies":[{"name":"wp","href":"https:\/\/api.w.org\/{rel}","templated":true}]}}