{"id":5122,"date":"2025-10-14T13:41:57","date_gmt":"2025-10-14T16:41:57","guid":{"rendered":"https:\/\/diarioparanaense.com\/?p=5122"},"modified":"2025-10-14T13:41:58","modified_gmt":"2025-10-14T16:41:58","slug":"rancho-sao-ferdinando-divulga-nova-data-de-rodeio-inedito","status":"publish","type":"post","link":"https:\/\/diarioparanaense.com\/?p=5122","title":{"rendered":"Rancho S\u00e3o Ferdinando divulga nova data de rodeio in\u00e9dito"},"content":{"rendered":"\n<p class=\"has-medium-font-size\">Devido \u00e0s chuvas intensas, 1\u00ba RSF Men&#8217;s Rodeo teve data alterada para o dia 25 de outubro<\/p>\n\n\n\n<p>O RSF Men&#8217;s Rodeo, que estava previsto para ser disputado no \u00faltimo s\u00e1bado (11), teve a data alterada para o dia 25 de outubro, devido \u00e0s fortes chuvas em Campo Largo e regi\u00e3o. O evento reunir\u00e1 competidores em uma prova da modalidade 3 Tambores e promete agitar a Regi\u00e3o Metropolitana de Curitiba com a adrenalina e a tradi\u00e7\u00e3o do universo country. Esta ser\u00e1 a primeira competi\u00e7\u00e3o voltada ao g\u00eanero masculino na Regi\u00e3o.<\/p>\n\n\n\n<p>De acordo com Kleber Caruso, um dos idealizadores da competi\u00e7\u00e3o e treinador de cavalos no Rancho S\u00e3o Ferdinando, a mudan\u00e7a de data n\u00e3o tem impacto negativo para o evento, tampouco para os competidores. \u201cPrezamos pela seguran\u00e7a dos participantes e tamb\u00e9m pelo conforto dos convidados. Com as fortes chuvas, a arena fica molhada e prejudica as apresenta\u00e7\u00f5es\u201d, afirma Kleber.<\/p>\n\n\n\n<p>O rodeio prev\u00ea a participa\u00e7\u00e3o de trinta competidores, de iniciante a treinador, na disputa pelo pr\u00eamio da prova dos 3 Tambores, modalidade esportiva em que o cavalo e o cavaleiro buscam, no menor tempo, executar o percurso ao redor de 3 tambores dispostos pela arena. Al\u00e9m do torneio masculino principal, o rodeio tamb\u00e9m ter\u00e1 a participa\u00e7\u00e3o de mulheres, em um formato in\u00e9dito. Cada participante poder\u00e1 indicar uma parceira para competir na prova feminina, utilizando o mesmo cavalo. A soma dos tempos (masculino e feminino) ser\u00e1 o crit\u00e9rio para a premia\u00e7\u00e3o extra. O evento \u00e9 exclusivo para competidores e convidados da organiza\u00e7\u00e3o.<\/p>\n\n\n\n<p class=\"has-medium-font-size\">Servi\u00e7o:<\/p>\n\n\n\n<p><strong>1\u00ba RSF Men&#8217;s Rodeo<br><\/strong>Data: 25 de outubro (Nova data, devido \u00e0s chuvas)<br>Hor\u00e1rio: a partir das 13h<br>Local: Rancho S\u00e3o Ferdinando<br>Endere\u00e7o: Rua Ferdinando Aleixo, 91 &#8211; Vila Dona Fina, Campo Largo<br>Informa\u00e7\u00f5es: (41) 9208-6444<br>Inscri\u00e7\u00f5es: <a href=\"https:\/\/www.sgpsistema.com\/?page=login&amp;forevt=7399\">https:\/\/www.sgpsistema.com\/?page=login&amp;forevt=7399<\/a><br>Redes Sociais: @rancho.saoferdinando<\/p>\n","protected":false},"excerpt":{"rendered":"<p>Devido \u00e0s chuvas intensas, 1\u00ba RSF Men&#8217;s Rodeo teve data alterada para o dia 25 de outubro O RSF Men&#8217;s Rodeo, que estava previsto para ser disputado no \u00faltimo s\u00e1bado (11), teve a data alterada para o dia 25 de outubro, devido \u00e0s fortes chuvas em Campo Largo e regi\u00e3o. O evento reunir\u00e1 competidores em [&hellip;]<\/p>\n","protected":false},"author":1,"featured_media":5123,"comment_status":"open","ping_status":"open","sticky":false,"template":"","format":"standard","meta":{"footnotes":""},"categories":[29,186],"tags":[],"class_list":["post-5122","post","type-post","status-publish","format-standard","has-post-thumbnail","hentry","category-artigos","category-eventos"],"_links":{"self":[{"href":"https:\/\/diarioparanaense.com\/index.php?rest_route=\/wp\/v2\/posts\/5122","targetHints":{"allow":["GET"]}}],"collection":[{"href":"https:\/\/diarioparanaense.com\/index.php?rest_route=\/wp\/v2\/posts"}],"about":[{"href":"https:\/\/diarioparanaense.com\/index.php?rest_route=\/wp\/v2\/types\/post"}],"author":[{"embeddable":true,"href":"https:\/\/diarioparanaense.com\/index.php?rest_route=\/wp\/v2\/users\/1"}],"replies":[{"embeddable":true,"href":"https:\/\/diarioparanaense.com\/index.php?rest_route=%2Fwp%2Fv2%2Fcomments&post=5122"}],"version-history":[{"count":1,"href":"https:\/\/diarioparanaense.com\/index.php?rest_route=\/wp\/v2\/posts\/5122\/revisions"}],"predecessor-version":[{"id":5124,"href":"https:\/\/diarioparanaense.com\/index.php?rest_route=\/wp\/v2\/posts\/5122\/revisions\/5124"}],"wp:featuredmedia":[{"embeddable":true,"href":"https:\/\/diarioparanaense.com\/index.php?rest_route=\/wp\/v2\/media\/5123"}],"wp:attachment":[{"href":"https:\/\/diarioparanaense.com\/index.php?rest_route=%2Fwp%2Fv2%2Fmedia&parent=5122"}],"wp:term":[{"taxonomy":"category","embeddable":true,"href":"https:\/\/diarioparanaense.com\/index.php?rest_route=%2Fwp%2Fv2%2Fcategories&post=5122"},{"taxonomy":"post_tag","embeddable":true,"href":"https:\/\/diarioparanaense.com\/index.php?rest_route=%2Fwp%2Fv2%2Ftags&post=5122"}],"curies":[{"name":"wp","href":"https:\/\/api.w.org\/{rel}","templated":true}]}}