{"id":5097,"date":"2025-10-09T15:37:06","date_gmt":"2025-10-09T18:37:06","guid":{"rendered":"https:\/\/diarioparanaense.com\/?p=5097"},"modified":"2025-10-09T15:37:08","modified_gmt":"2025-10-09T18:37:08","slug":"organizacao-promove-evento-esg-em-curitiba","status":"publish","type":"post","link":"https:\/\/diarioparanaense.com\/?p=5097","title":{"rendered":"Organiza\u00e7\u00e3o promove evento ESG em Curitiba"},"content":{"rendered":"\n<p class=\"has-medium-font-size\">A Elo Apoio Social e Ambiental, organiza\u00e7\u00e3o da sociedade civil que capacita menores e jovens aprendizes, estagi\u00e1rios al\u00e9m de desenvolver a\u00e7\u00f5es ambientais para as empresas, promove evento voltado \u00e0 capacita\u00e7\u00e3o ESG para empresas e profissionais.<\/p>\n\n\n\n<p>O evento ESG \u2013 \u201cIncluir Para Transformar\u201d est\u00e1 em sua segunda edi\u00e7\u00e3o e busca inserir e aprimorar o conhecimento de empres\u00e1rios, l\u00edderes e gestores para entenderem a economia ESG e as formas de aplic\u00e1-la no dia a dia das empresas.<\/p>\n\n\n\n<p>Mar\u00edlia Tissot, painelista do evento e uma das fundadoras da Elo Ambiental, explica que o evento nasceu como um pedido das pr\u00f3prias empresas que t\u00eam vontade de aplicar t\u00e9cnicas de governan\u00e7a, por\u00e9m, muitas vezes n\u00e3o sabem como fazer:<\/p>\n\n\n\n<p>\u201cEsta \u00e9 a oportunidade ideal para alinhar os neg\u00f3cios \u00e0s melhores pr\u00e1ticas, promover a sustentabilidade e fortalecer a transpar\u00eancia e a responsabilidade da sua marca no mercado de maneira efetiva\u201d, conta Tissot.<\/p>\n\n\n\n<p>O evento contar\u00e1 com a participa\u00e7\u00e3o de 5 painelistas diferentes que ir\u00e3o dividir com a plateia experi\u00eancias e caminhos para que o ESG se torne uma pr\u00e1tica comum entre os participantes.<\/p>\n\n\n\n<p>O ESG se refere \u00e0 crescente ado\u00e7\u00e3o e valoriza\u00e7\u00e3o dos crit\u00e9rios de Ambiental, Social e Governan\u00e7a (ESG) por empresas, investidores e sociedade, buscando um desenvolvimento mais sustent\u00e1vel e respons\u00e1vel. O foco est\u00e1 em pr\u00e1ticas de gest\u00e3o que v\u00e3o al\u00e9m do lucro, considerando o impacto no meio ambiente, o bem-estar social e a \u00e9tica na administra\u00e7\u00e3o, alinhando neg\u00f3cios com um prop\u00f3sito de longo prazo.<\/p>\n\n\n\n<p><strong>Servi\u00e7o:<br><\/strong>Evento ESG \u2013 Incluir Para Transformar<br>Local: Hotel Deville \u2013 R. Comendador Ara\u00fajo, 99 \u2013 Centro, Curitiba \u2013 PR<br>Hor\u00e1rio: 14 de outubro, das 08h30 \u00e0s 12h<br>Entrada: Franca (com sugest\u00e3o de doa\u00e7\u00e3o volunt\u00e1ria de R$ 30)<br>Programa\u00e7\u00e3o completa: <a href=\"http:\/\/www.esg.eloapoio.org.br\">www.esg.eloapoio.org.br<\/a><\/p>\n\n\n\n<p>Sobre a Elo Apoio Social e Ambiental: Fundada em 2001, a Elo \u00e9 uma Organiza\u00e7\u00e3o Social da Sociedade Civil (OSC) crist\u00e3 que atua na \u00e1rea de apoio social com a miss\u00e3o de transformar a vida de jovens em situa\u00e7\u00e3o de vulnerabilidade. A institui\u00e7\u00e3o desenvolve projetos como Elo Esperan\u00e7a, Elo Aprendiz, Elo Est\u00e1gio e Elo Ambiental, oferecendo suporte e oportunidades para a constru\u00e7\u00e3o de um futuro mais digno&nbsp;e&nbsp;promissor.<\/p>\n\n\n\n<p><\/p>\n","protected":false},"excerpt":{"rendered":"<p>A Elo Apoio Social e Ambiental, organiza\u00e7\u00e3o da sociedade civil que capacita menores e jovens aprendizes, estagi\u00e1rios al\u00e9m de desenvolver a\u00e7\u00f5es ambientais para as empresas, promove evento voltado \u00e0 capacita\u00e7\u00e3o ESG para empresas e profissionais. O evento ESG \u2013 \u201cIncluir Para Transformar\u201d est\u00e1 em sua segunda edi\u00e7\u00e3o e busca inserir e aprimorar o conhecimento de [&hellip;]<\/p>\n","protected":false},"author":1,"featured_media":5098,"comment_status":"open","ping_status":"open","sticky":false,"template":"","format":"standard","meta":{"footnotes":""},"categories":[29],"tags":[],"class_list":["post-5097","post","type-post","status-publish","format-standard","has-post-thumbnail","hentry","category-artigos"],"_links":{"self":[{"href":"https:\/\/diarioparanaense.com\/index.php?rest_route=\/wp\/v2\/posts\/5097","targetHints":{"allow":["GET"]}}],"collection":[{"href":"https:\/\/diarioparanaense.com\/index.php?rest_route=\/wp\/v2\/posts"}],"about":[{"href":"https:\/\/diarioparanaense.com\/index.php?rest_route=\/wp\/v2\/types\/post"}],"author":[{"embeddable":true,"href":"https:\/\/diarioparanaense.com\/index.php?rest_route=\/wp\/v2\/users\/1"}],"replies":[{"embeddable":true,"href":"https:\/\/diarioparanaense.com\/index.php?rest_route=%2Fwp%2Fv2%2Fcomments&post=5097"}],"version-history":[{"count":1,"href":"https:\/\/diarioparanaense.com\/index.php?rest_route=\/wp\/v2\/posts\/5097\/revisions"}],"predecessor-version":[{"id":5099,"href":"https:\/\/diarioparanaense.com\/index.php?rest_route=\/wp\/v2\/posts\/5097\/revisions\/5099"}],"wp:featuredmedia":[{"embeddable":true,"href":"https:\/\/diarioparanaense.com\/index.php?rest_route=\/wp\/v2\/media\/5098"}],"wp:attachment":[{"href":"https:\/\/diarioparanaense.com\/index.php?rest_route=%2Fwp%2Fv2%2Fmedia&parent=5097"}],"wp:term":[{"taxonomy":"category","embeddable":true,"href":"https:\/\/diarioparanaense.com\/index.php?rest_route=%2Fwp%2Fv2%2Fcategories&post=5097"},{"taxonomy":"post_tag","embeddable":true,"href":"https:\/\/diarioparanaense.com\/index.php?rest_route=%2Fwp%2Fv2%2Ftags&post=5097"}],"curies":[{"name":"wp","href":"https:\/\/api.w.org\/{rel}","templated":true}]}}