{"id":5088,"date":"2025-10-07T14:09:42","date_gmt":"2025-10-07T17:09:42","guid":{"rendered":"https:\/\/diarioparanaense.com\/?p=5088"},"modified":"2025-10-07T14:09:43","modified_gmt":"2025-10-07T17:09:43","slug":"dia-das-criancas-varejo-projeta-alta-e-investe-na-criatividade-para-atrair-clientes","status":"publish","type":"post","link":"https:\/\/diarioparanaense.com\/?p=5088","title":{"rendered":"Dia das Crian\u00e7as: varejo projeta alta e investe na criatividade para atrair clientes"},"content":{"rendered":"\n<p class=\"has-medium-font-size\">Grupo MiniPre\u00e7o aposta na variedade de produtos, pre\u00e7os acess\u00edveis e lojas decoradas<\/p>\n\n\n\n<p>Com o Dia das Crian\u00e7as se aproximando, a movimenta\u00e7\u00e3o no com\u00e9rcio j\u00e1 \u00e9 intensa. Lojistas est\u00e3o com os estoques renovados e estrat\u00e9gias de venda afinadas, para capitalizar em uma das datas mais importantes para o varejo, que s\u00f3 fica atr\u00e1s do Natal e do Dia das M\u00e3es.<\/p>\n\n\n\n<p>A pesquisa da Fecom\u00e9rcio\/Sebrae no Paran\u00e1 mostra que mais de 48% dos consumidores paranaenses t\u00eam a inten\u00e7\u00e3o de comprar presentes, n\u00famero superior ao do Dia dos Pais. O t\u00edquete m\u00e9dio projetado para este ano \u00e9 de R$188,38 no estado e os brinquedos lideram a lista de escolhas, com 65,7% das inten\u00e7\u00f5es, evidenciando que as prefer\u00eancias infantis ditam as compras para a data. Para atender a todos os bolsos e idades, o Grupo MiniPre\u00e7o investiu em promo\u00e7\u00f5es e na variedade de produtos, que v\u00e3o desde os brinquedos mais tradicionais at\u00e9 itens que unem divers\u00e3o e aprendizado.<\/p>\n\n\n\n<p>Beni Gelhorn, diretor comercial do Grupo MiniPre\u00e7o, confirma o entusiasmo do setor: &#8220;O Dia das Crian\u00e7as \u00e9 um term\u00f4metro importante para o consumo e, neste ano, estamos muito confiantes. A melhora no mercado de trabalho e o aumento da renda das fam\u00edlias t\u00eam nos permitido projetar um crescimento de vendas acima de 12% para o Grupo MiniPre\u00e7o. \u00c9 uma data relevante e a prepara\u00e7\u00e3o come\u00e7ou meses atr\u00e1s\u201d, conta.<\/p>\n\n\n\n<p>Variedade e pre\u00e7o baixo<\/p>\n\n\n\n<p>Com as prateleiras cheias de op\u00e7\u00f5es de brinquedos, desde cl\u00e1ssicos como bonecas, bolas de futebol, carrinhos e bicicletas, a rede tamb\u00e9m aposta nas novidades do mercado e produtos licenciados da Barbie e Hot Wheels, marcas que s\u00e3o queridinhas das crian\u00e7as. A estrat\u00e9gia inclui itens de menor custo, essenciais para quem quer presentear v\u00e1rias crian\u00e7as ou economizar, como livros de pintura e itens de papelaria. Esses produtos s\u00e3o um sucesso garantido, estimulando a criatividade e a coordena\u00e7\u00e3o motora dos pequenos, e representam uma excelente op\u00e7\u00e3o de presente acess\u00edvel.<\/p>\n\n\n\n<p>Outro segmento em destaque neste ano s\u00e3o os brinquedos did\u00e1ticos. Atento \u00e0 demanda de pais e educadores por presentes que contribuam para o desenvolvimento cognitivo e social, o Grupo MiniPre\u00e7o ampliou a se\u00e7\u00e3o de quebra-cabe\u00e7as, jogos de tabuleiro, kits de ci\u00eancia e blocos de montar. &#8220;Percebemos que as fam\u00edlias buscam cada vez mais presentes com &#8216;prop\u00f3sito&#8217;, que ensinam e divertem. Nossos brinquedos did\u00e1ticos est\u00e3o com pre\u00e7os especiais, tornando o aprendizado acess\u00edvel a todos&#8221;, afirma Beni.<\/p>\n\n\n\n<p class=\"has-medium-font-size\">Divers\u00e3o garantida<\/p>\n\n\n\n<p>Para tornar a experi\u00eancia de compra ainda mais m\u00e1gica, nos dias 11 e 12 de outubro todas as unidades do Grupo MiniPre\u00e7o, em Curitiba e Regi\u00e3o Metropolitana, ter\u00e3o decora\u00e7\u00e3o especial para o Dias das Crian\u00e7as e uma programa\u00e7\u00e3o especial de brincadeiras e m\u00fasicas infantis. Para completar a festa, os colaboradores das lojas estar\u00e3o fantasiados de personagens do universo infantil, garantindo a alegria da garotada.<\/p>\n\n\n\n<p class=\"has-medium-font-size\">Confira:<\/p>\n\n\n\n<p>Cama el\u00e1stica: Lojas Linha Verde, Xaxim e Pinhais<br>Camarim de Pintura: Lojas Torres, Santa Felicidade, Fazendinha, Bacacheri e Fazenda Rio Grande<br>Pipoca, Caf\u00e9 da Manh\u00e3, blitz com a R\u00e1dio Ilha do Mel FM, Fliperama, Distribui\u00e7\u00e3o de Picol\u00e9s, Doces: Loja Paranagu\u00e1<\/p>\n\n\n\n<p class=\"has-medium-font-size\">Servi\u00e7o:<\/p>\n\n\n\n<p>Dia das Crian\u00e7as Grupo MiniPre\u00e7o<br>Data: 11 e 12 de outubro<br>Hor\u00e1rio de atendimento: de segunda a s\u00e1bado, das 9h \u00e0s 20h. Domingos e feriados, das 10h \u00e0s 19h.<br>Confira o endere\u00e7o mais pr\u00f3ximo em: <a href=\"https:\/\/site.minipreco.com.br\/lojas\/\">https:\/\/site.minipreco.com.br\/lojas\/<\/a><br>Redes Sociais:\u00a0@miniprecobr<\/p>\n","protected":false},"excerpt":{"rendered":"<p>Grupo MiniPre\u00e7o aposta na variedade de produtos, pre\u00e7os acess\u00edveis e lojas decoradas Com o Dia das Crian\u00e7as se aproximando, a movimenta\u00e7\u00e3o no com\u00e9rcio j\u00e1 \u00e9 intensa. Lojistas est\u00e3o com os estoques renovados e estrat\u00e9gias de venda afinadas, para capitalizar em uma das datas mais importantes para o varejo, que s\u00f3 fica atr\u00e1s do Natal e [&hellip;]<\/p>\n","protected":false},"author":1,"featured_media":5089,"comment_status":"open","ping_status":"open","sticky":false,"template":"","format":"standard","meta":{"footnotes":""},"categories":[424,324],"tags":[],"class_list":["post-5088","post","type-post","status-publish","format-standard","has-post-thumbnail","hentry","category-curitiba","category-negocios"],"_links":{"self":[{"href":"https:\/\/diarioparanaense.com\/index.php?rest_route=\/wp\/v2\/posts\/5088","targetHints":{"allow":["GET"]}}],"collection":[{"href":"https:\/\/diarioparanaense.com\/index.php?rest_route=\/wp\/v2\/posts"}],"about":[{"href":"https:\/\/diarioparanaense.com\/index.php?rest_route=\/wp\/v2\/types\/post"}],"author":[{"embeddable":true,"href":"https:\/\/diarioparanaense.com\/index.php?rest_route=\/wp\/v2\/users\/1"}],"replies":[{"embeddable":true,"href":"https:\/\/diarioparanaense.com\/index.php?rest_route=%2Fwp%2Fv2%2Fcomments&post=5088"}],"version-history":[{"count":1,"href":"https:\/\/diarioparanaense.com\/index.php?rest_route=\/wp\/v2\/posts\/5088\/revisions"}],"predecessor-version":[{"id":5090,"href":"https:\/\/diarioparanaense.com\/index.php?rest_route=\/wp\/v2\/posts\/5088\/revisions\/5090"}],"wp:featuredmedia":[{"embeddable":true,"href":"https:\/\/diarioparanaense.com\/index.php?rest_route=\/wp\/v2\/media\/5089"}],"wp:attachment":[{"href":"https:\/\/diarioparanaense.com\/index.php?rest_route=%2Fwp%2Fv2%2Fmedia&parent=5088"}],"wp:term":[{"taxonomy":"category","embeddable":true,"href":"https:\/\/diarioparanaense.com\/index.php?rest_route=%2Fwp%2Fv2%2Fcategories&post=5088"},{"taxonomy":"post_tag","embeddable":true,"href":"https:\/\/diarioparanaense.com\/index.php?rest_route=%2Fwp%2Fv2%2Ftags&post=5088"}],"curies":[{"name":"wp","href":"https:\/\/api.w.org\/{rel}","templated":true}]}}