{"id":5082,"date":"2025-10-06T14:30:57","date_gmt":"2025-10-06T17:30:57","guid":{"rendered":"https:\/\/diarioparanaense.com\/?p=5082"},"modified":"2025-10-06T14:30:57","modified_gmt":"2025-10-06T17:30:57","slug":"semana-interna-de-prevencao-de-acidentes-reforcou-saude-e-bem-estar-no-ambiente-escolar-em-araucaria","status":"publish","type":"post","link":"https:\/\/diarioparanaense.com\/?p=5082","title":{"rendered":"Semana Interna de Preven\u00e7\u00e3o de Acidentes refor\u00e7ou sa\u00fade e bem-estar no ambiente escolar, em Arauc\u00e1ria"},"content":{"rendered":"\n<p class=\"has-medium-font-size\">Iniciativa in\u00e9dita no Col\u00e9gio Marista Sagrado busca fortalecer a cultura de cuidado e valoriza\u00e7\u00e3o dos colaboradores<\/p>\n\n\n\n<p>Na \u00faltima semana, aconteceu a 1\u00aa Semana Interna de Preven\u00e7\u00e3o de Acidentes (SIPAT) no Col\u00e9gio Marista Sagrado de Jesus, em Arauc\u00e1ria (PR). O evento reuniu palestras e din\u00e2micas voltadas \u00e0 sa\u00fade f\u00edsica, mental e emocional dos colaboradores, promovendo tanto a conscientiza\u00e7\u00e3o quanto momentos de integra\u00e7\u00e3o entre colegas.<\/p>\n\n\n\n<p>Mais do que abordar temas como sa\u00fade da voz, qualidade de vida, preven\u00e7\u00e3o de doen\u00e7as e \u00e9tica, a SIPAT buscou incentivar mudan\u00e7as pr\u00e1ticas no dia a dia. Esse tipo de a\u00e7\u00e3o foi importante porque ajudou a prevenir problemas de sa\u00fade relacionados ao trabalho, como estresse, les\u00f5es por esfor\u00e7o repetitivo ou desgaste vocal, e tamb\u00e9m fortaleceu a cultura de cuidado coletivo dentro da institui\u00e7\u00e3o. Al\u00e9m disso, momentos de descontra\u00e7\u00e3o e troca contribu\u00edram para melhorar o clima organizacional e a motiva\u00e7\u00e3o das equipes.<\/p>\n\n\n\n<p>Iniciativas como essa tiveram impacto direto tamb\u00e9m na qualidade da educa\u00e7\u00e3o. Colaboradores mais saud\u00e1veis e engajados refletiram positivamente no ambiente escolar, criando uma rede de apoio mais s\u00f3lida para estudantes e fam\u00edlias. Assim, a SIPAT foi al\u00e9m da preven\u00e7\u00e3o de acidentes: ela promoveu bem-estar e fortaleceu os la\u00e7os de toda a comunidade educativa.<\/p>\n\n\n\n<p>Para a monitora de alunos e presidente da CIPA do Col\u00e9gio, Karla Pestana, a\u00e7\u00f5es como essa foram essenciais no ambiente escolar. \u201cO momento da SIPAT, al\u00e9m de conscientiza\u00e7\u00e3o, foi uma oportunidade de descontra\u00e7\u00e3o e conex\u00e3o com os colegas de trabalho\u201d, destacou.<\/p>\n\n\n\n<p><strong>Sobre o Marista Brasil<br><\/strong>O Col\u00e9gio Marista Sagrado Cora\u00e7\u00e3o de Jesus, em Arauc\u00e1ria (PR), integra o Marista Brasil, uma rede de col\u00e9gios e escolas presente em 20 estados brasileiros e no Distrito Federal, atendendo mais de 99 mil crian\u00e7as, jovens e adultos em 96 unidades de ensino. Os estudantes recebem forma\u00e7\u00e3o integral, composta pela tradi\u00e7\u00e3o dos valores Maristas e pela excel\u00eancia acad\u00eamica alinhada aos desafios contempor\u00e2neos. Por meio de propostas pedag\u00f3gicas diferenciadas, crian\u00e7as e jovens desenvolvem conhecimento, pensamento cr\u00edtico, autonomia e se tornam mais preparados para viver em uma sociedade em constante transforma\u00e7\u00e3o. Saiba mais em: <a href=\"http:\/\/maristabrasil.org\">maristabrasil.org<\/a>.<\/p>\n\n\n\n<p><\/p>\n","protected":false},"excerpt":{"rendered":"<p>Iniciativa in\u00e9dita no Col\u00e9gio Marista Sagrado busca fortalecer a cultura de cuidado e valoriza\u00e7\u00e3o dos colaboradores Na \u00faltima semana, aconteceu a 1\u00aa Semana Interna de Preven\u00e7\u00e3o de Acidentes (SIPAT) no Col\u00e9gio Marista Sagrado de Jesus, em Arauc\u00e1ria (PR). O evento reuniu palestras e din\u00e2micas voltadas \u00e0 sa\u00fade f\u00edsica, mental e emocional dos colaboradores, promovendo tanto [&hellip;]<\/p>\n","protected":false},"author":1,"featured_media":5083,"comment_status":"open","ping_status":"open","sticky":false,"template":"","format":"standard","meta":{"footnotes":""},"categories":[1],"tags":[],"class_list":["post-5082","post","type-post","status-publish","format-standard","has-post-thumbnail","hentry","category-sem-categoria"],"_links":{"self":[{"href":"https:\/\/diarioparanaense.com\/index.php?rest_route=\/wp\/v2\/posts\/5082","targetHints":{"allow":["GET"]}}],"collection":[{"href":"https:\/\/diarioparanaense.com\/index.php?rest_route=\/wp\/v2\/posts"}],"about":[{"href":"https:\/\/diarioparanaense.com\/index.php?rest_route=\/wp\/v2\/types\/post"}],"author":[{"embeddable":true,"href":"https:\/\/diarioparanaense.com\/index.php?rest_route=\/wp\/v2\/users\/1"}],"replies":[{"embeddable":true,"href":"https:\/\/diarioparanaense.com\/index.php?rest_route=%2Fwp%2Fv2%2Fcomments&post=5082"}],"version-history":[{"count":1,"href":"https:\/\/diarioparanaense.com\/index.php?rest_route=\/wp\/v2\/posts\/5082\/revisions"}],"predecessor-version":[{"id":5084,"href":"https:\/\/diarioparanaense.com\/index.php?rest_route=\/wp\/v2\/posts\/5082\/revisions\/5084"}],"wp:featuredmedia":[{"embeddable":true,"href":"https:\/\/diarioparanaense.com\/index.php?rest_route=\/wp\/v2\/media\/5083"}],"wp:attachment":[{"href":"https:\/\/diarioparanaense.com\/index.php?rest_route=%2Fwp%2Fv2%2Fmedia&parent=5082"}],"wp:term":[{"taxonomy":"category","embeddable":true,"href":"https:\/\/diarioparanaense.com\/index.php?rest_route=%2Fwp%2Fv2%2Fcategories&post=5082"},{"taxonomy":"post_tag","embeddable":true,"href":"https:\/\/diarioparanaense.com\/index.php?rest_route=%2Fwp%2Fv2%2Ftags&post=5082"}],"curies":[{"name":"wp","href":"https:\/\/api.w.org\/{rel}","templated":true}]}}