{"id":5075,"date":"2025-10-01T13:42:42","date_gmt":"2025-10-01T16:42:42","guid":{"rendered":"https:\/\/diarioparanaense.com\/?p=5075"},"modified":"2025-10-01T13:43:12","modified_gmt":"2025-10-01T16:43:12","slug":"5-dicas-para-limpar-a-casa-e-preveniras-alergias-tipicas-da-primavera","status":"publish","type":"post","link":"https:\/\/diarioparanaense.com\/?p=5075","title":{"rendered":"5 dicas para limpar a casa e preveniras alergias t\u00edpicas da primavera"},"content":{"rendered":"\n<p class=\"has-medium-font-size\">Especialista ensina a higienizar cortinas e tapetes. Cuidados mant\u00e9m o ambiente limpo e podem minimizar crises al\u00e9rgicas<\/p>\n\n\n\n<p>A chegada da primavera traz consigo o espet\u00e1culo das flores, mas para os moradores de Curitiba que sofrem com rinite e outras alergias, a esta\u00e7\u00e3o tamb\u00e9m marca o in\u00edcio de um per\u00edodo desafiador. As mudan\u00e7as bruscas de temperatura, t\u00edpicas da capital paranaense, e a alta concentra\u00e7\u00e3o de p\u00f3len no ar, transformam a rotina de cuidados com a casa em uma linha de defesa essencial contra as crises al\u00e9rgicas.<\/p>\n\n\n\n<p>&#8220;A casa se torna um ref\u00fagio, mas se n\u00e3o for bem cuidada, vira uma armadilha&#8221;, alerta Birgit Marsili, propriet\u00e1ria da Lavoutique Lavanderia &amp; Costura. Segundo a especialista, a aten\u00e7\u00e3o com itens que acumulam muita poeira e \u00e1caros, como cortinas e tapetes, deve ser redobrada neste per\u00edodo.<\/p>\n\n\n\n<p class=\"has-medium-font-size\">Tapetes e cortinas: cuidado!<\/p>\n\n\n\n<p>Tapetes e cortinas s\u00e3o elementos importantes na decora\u00e7\u00e3o do lar, mas funcionam como verdadeiros filtros que ret\u00eam fatores causadores de alergia que entram pela casa. Com o aumento da ventila\u00e7\u00e3o na primavera e a abertura de janelas, a entrada de p\u00f3len e poeira \u00e9 facilitada.<\/p>\n\n\n\n<p>&#8220;Muitos clientes s\u00f3 se d\u00e3o conta do problema quando as crises de rinite se intensificam. A aspira\u00e7\u00e3o caseira ou a lavagem em casa, muitas vezes, n\u00e3o s\u00e3o suficientes. Pelo contr\u00e1rio, podem piorar a situa\u00e7\u00e3o&#8221;, explica a especialista.<\/p>\n\n\n\n<p>A propriet\u00e1ria da Lavoutique Lavanderia &amp; Costura enfatiza a necessidade de higieniza\u00e7\u00e3o profissional para esses itens. &#8220;Em uma lavanderia especializada, utilizamos equipamentos de alta tecnologia e produtos espec\u00edficos, capazes de remover profundamente os \u00e1caros, fungos e, principalmente, o p\u00f3len, sem danificar o tecido. Para al\u00e9rgicos, a higieniza\u00e7\u00e3o a cada seis meses, ou no m\u00ednimo a cada troca de esta\u00e7\u00e3o, \u00e9 o ideal&#8221;, recomenda.<\/p>\n\n\n\n<p class=\"has-medium-font-size\">Dicas valiosas<\/p>\n\n\n\n<p>Al\u00e9m da limpeza especializada de pe\u00e7as volumosas, Birgit Marsili compartilhou um guia pr\u00e1tico para manter o ambiente dom\u00e9stico mais seguro durante a primavera:<\/p>\n\n\n\n<ol class=\"wp-block-list\">\n<li>Priorize a lavagem profissional: Leve cortinas, tapetes e cobertores \u00e0 lavanderia no in\u00edcio da primavera. Esses itens ret\u00eam fatores causadores de alergia do inverno e precisam de uma desinfec\u00e7\u00e3o profunda;<\/li>\n\n\n\n<li>Aten\u00e7\u00e3o redobrada aos t\u00eaxteis: Lave roupas de cama (len\u00e7\u00f3is, fronhas) semanalmente;<\/li>\n\n\n\n<li>Use aspiradores: Ao aspirar o ch\u00e3o e m\u00f3veis, utilize um aspirador (de prefer\u00eancia com filtro HEPA-High Efficiency Particulate Air), que \u00e9 projetado para reter as part\u00edculas min\u00fasculas de al\u00e9rgenos, impedindo que retornem ao ar.<\/li>\n\n\n\n<li>Limpeza di\u00e1ria de superf\u00edcies: Use panos \u00famidos para limpar m\u00f3veis e o ch\u00e3o. O pano \u00famido captura a poeira, enquanto o uso de vassouras secas apenas levanta os al\u00e9rgenos para o ar.<\/li>\n\n\n\n<li>Controle da umidade: Em Curitiba, a umidade pode ser alta. Utilize desumidificadores em ambientes fechados para manter a umidade relativa do ar abaixo de 50%, inibindo a prolifera\u00e7\u00e3o de mofo e fungos.<\/li>\n<\/ol>\n\n\n\n<p>Pensando no per\u00edodo da primavera e prepara\u00e7\u00e3o para as festas de final de ano, a Lavoutique Lavanderia &amp; Costura inicia uma campanha promocional para higieniza\u00e7\u00e3o de tapetes e cortinas durante os meses de outubro e novembro. Com pagamento antecipado o desconto \u00e9 de 15%.<\/p>\n\n\n\n<p><strong>Servi\u00e7o<\/strong>:<br>Lavoutique Lavanderia &amp; Costura<\/p>\n\n\n\n<p><strong>Batel<\/strong><br>Endere\u00e7o: Al. Dr. Carlos de Carvalho, 2050<br>Telefone: (41) 3026.0600<br>Hor\u00e1rio de atendimento: Segunda a s\u00e1bado, das 9 \u00e0s 20h<\/p>\n\n\n\n<p><strong>Cabral<\/strong><br>Endere\u00e7o: Avenida Munhoz da Rocha, 853, loja 09 &#8211; Quadrata Cabral Mall<br>Telefone: (41) 3308.8088<br>Hor\u00e1rio de atendimento: Segunda a s\u00e1bado, das 8 \u00e0s 20h<\/p>\n\n\n\n<p><strong>Ecoville<\/strong><br>Endere\u00e7o: Rua Prof. Pedro V. Parigot de Souza, 3901<br>Telefone: (41) 3285.8500<br>Atendimento: Segunda a sexta, das 8h \u00e0s 18h | S\u00e1b das 9h \u00e0s 13h<\/p>\n\n\n\n<p><strong>Site<\/strong>: <a href=\"http:\/\/www.lavoutique.com\">www.lavoutique.com<\/a><\/p>\n","protected":false},"excerpt":{"rendered":"<p>Especialista ensina a higienizar cortinas e tapetes. Cuidados mant\u00e9m o ambiente limpo e podem minimizar crises al\u00e9rgicas A chegada da primavera traz consigo o espet\u00e1culo das flores, mas para os moradores de Curitiba que sofrem com rinite e outras alergias, a esta\u00e7\u00e3o tamb\u00e9m marca o in\u00edcio de um per\u00edodo desafiador. As mudan\u00e7as bruscas de temperatura, [&hellip;]<\/p>\n","protected":false},"author":1,"featured_media":5076,"comment_status":"open","ping_status":"open","sticky":false,"template":"","format":"standard","meta":{"footnotes":""},"categories":[164],"tags":[],"class_list":["post-5075","post","type-post","status-publish","format-standard","has-post-thumbnail","hentry","category-saude-2"],"_links":{"self":[{"href":"https:\/\/diarioparanaense.com\/index.php?rest_route=\/wp\/v2\/posts\/5075","targetHints":{"allow":["GET"]}}],"collection":[{"href":"https:\/\/diarioparanaense.com\/index.php?rest_route=\/wp\/v2\/posts"}],"about":[{"href":"https:\/\/diarioparanaense.com\/index.php?rest_route=\/wp\/v2\/types\/post"}],"author":[{"embeddable":true,"href":"https:\/\/diarioparanaense.com\/index.php?rest_route=\/wp\/v2\/users\/1"}],"replies":[{"embeddable":true,"href":"https:\/\/diarioparanaense.com\/index.php?rest_route=%2Fwp%2Fv2%2Fcomments&post=5075"}],"version-history":[{"count":1,"href":"https:\/\/diarioparanaense.com\/index.php?rest_route=\/wp\/v2\/posts\/5075\/revisions"}],"predecessor-version":[{"id":5077,"href":"https:\/\/diarioparanaense.com\/index.php?rest_route=\/wp\/v2\/posts\/5075\/revisions\/5077"}],"wp:featuredmedia":[{"embeddable":true,"href":"https:\/\/diarioparanaense.com\/index.php?rest_route=\/wp\/v2\/media\/5076"}],"wp:attachment":[{"href":"https:\/\/diarioparanaense.com\/index.php?rest_route=%2Fwp%2Fv2%2Fmedia&parent=5075"}],"wp:term":[{"taxonomy":"category","embeddable":true,"href":"https:\/\/diarioparanaense.com\/index.php?rest_route=%2Fwp%2Fv2%2Fcategories&post=5075"},{"taxonomy":"post_tag","embeddable":true,"href":"https:\/\/diarioparanaense.com\/index.php?rest_route=%2Fwp%2Fv2%2Ftags&post=5075"}],"curies":[{"name":"wp","href":"https:\/\/api.w.org\/{rel}","templated":true}]}}