{"id":5072,"date":"2025-09-30T15:47:42","date_gmt":"2025-09-30T18:47:42","guid":{"rendered":"https:\/\/diarioparanaense.com\/?p=5072"},"modified":"2025-09-30T15:47:43","modified_gmt":"2025-09-30T18:47:43","slug":"acutis-de-tenis-e-calca-jeans-a-geracao-millennial-chega-aos-altares","status":"publish","type":"post","link":"https:\/\/diarioparanaense.com\/?p=5072","title":{"rendered":"Acutis: de t\u00eanis e cal\u00e7a jeans, a gera\u00e7\u00e3o millennial chega aos altares"},"content":{"rendered":"\n<p class=\"has-medium-font-size\">Artigo produzido pelo Irm\u00e3o Ronaldo Luzzi, Diretor Institucional do Col\u00e9gio Marista Santa Maria \u2014 Curitiba (PR)<\/p>\n\n\n\n<p>S\u00e3o Jo\u00e3o Paulo II, conhecido como o \u201cPapa dos jovens\u201d, convocou o mundo a contemplar a santidade sob o olhar da juventude. \u201cPrecisamos de santos sem v\u00e9u ou batina, precisamos de santos de cal\u00e7a jeans e t\u00eanis\u201d, teria dito o pont\u00edfice que criou as Jornadas Mundiais da Juventude e se tornou uma das maiores refer\u00eancias da evangeliza\u00e7\u00e3o no s\u00e9culo XX.<\/p>\n\n\n\n<p>No dia 7 de setembro, essa vis\u00e3o ganhou nova dimens\u00e3o com a canoniza\u00e7\u00e3o de Carlo Acutis, jovem italiano, programador e evangelizador digital. O an\u00fancio levou dezenas de milhares de jovens \u00e0 Pra\u00e7a de S\u00e3o Pedro para testemunhar a proclama\u00e7\u00e3o de santidade de um rapaz que dialoga diretamente com a juventude deste tempo.<\/p>\n\n\n\n<p>Acutis mantinha um site dedicado \u00e0 divulga\u00e7\u00e3o de milagres eucar\u00edsticos, evangelizando pela internet ainda em sua fase inicial, antes do surgimento das grandes redes sociais. A Eucaristia era o centro de sua vida, e seu ardor mission\u00e1rio encontrou no espa\u00e7o digital um caminho singular para alcan\u00e7ar cora\u00e7\u00f5es ao redor do mundo.<\/p>\n\n\n\n<p>O jovem faleceu aos 15 anos, v\u00edtima de leucemia, deixando um testemunho de f\u00e9 at\u00e9 o fim. Sua canoniza\u00e7\u00e3o trouxe um fato raro: a presen\u00e7a dos pais na celebra\u00e7\u00e3o. Antes dele, apenas Santa Maria Goretti, m\u00e1rtir da pureza, teve a m\u00e3e presente em sua canoniza\u00e7\u00e3o.<\/p>\n\n\n\n<p>Os dois milagres atribu\u00eddos \u00e0 sua intercess\u00e3o vieram das Am\u00e9ricas. No Brasil, a cura de um menino com grave doen\u00e7a no p\u00e2ncreas; na Costa Rica, a recupera\u00e7\u00e3o inesperada de uma jovem com traumatismo craniano. O processo de valida\u00e7\u00e3o \u00e9 rigoroso, envolvendo exames m\u00e9dicos, pareceres teol\u00f3gicos e a an\u00e1lise de comiss\u00f5es independentes.<\/p>\n\n\n\n<p>A repercuss\u00e3o da canoniza\u00e7\u00e3o, a mais r\u00e1pida da hist\u00f3ria moderna, apenas 34 anos ap\u00f3s seu nascimento, \u00e9 um sinal dos tempos. Mostra que a juventude \u00e9 chamada a reconhecer que a santidade \u00e9 poss\u00edvel j\u00e1 agora, sem esperar circunst\u00e2ncias ideais. A vida de Carlo prova que a santidade n\u00e3o se op\u00f5e \u00e0 cultura contempor\u00e2nea, mas a eleva, oferecendo um horizonte de esperan\u00e7a, virtude e amor.<\/p>\n\n\n\n<p>S\u00e3o Carlo Acutis demonstra que, mesmo em uma vida breve, \u00e9 poss\u00edvel marcar a eternidade com f\u00e9, esperan\u00e7a e caridade. Seu testemunho inspira n\u00e3o apenas sua gera\u00e7\u00e3o, mas tamb\u00e9m as que vieram antes e as que ainda vir\u00e3o. A juventude encontra em seu legado um chamado ao essencial: a vida em abund\u00e2ncia prometida por Cristo. Assim se constr\u00f3i, dia ap\u00f3s dia, a t\u00e3o sonhada civiliza\u00e7\u00e3o&nbsp;do&nbsp;amor.<\/p>\n","protected":false},"excerpt":{"rendered":"<p>Artigo produzido pelo Irm\u00e3o Ronaldo Luzzi, Diretor Institucional do Col\u00e9gio Marista Santa Maria \u2014 Curitiba (PR) S\u00e3o Jo\u00e3o Paulo II, conhecido como o \u201cPapa dos jovens\u201d, convocou o mundo a contemplar a santidade sob o olhar da juventude. \u201cPrecisamos de santos sem v\u00e9u ou batina, precisamos de santos de cal\u00e7a jeans e t\u00eanis\u201d, teria dito [&hellip;]<\/p>\n","protected":false},"author":1,"featured_media":5073,"comment_status":"open","ping_status":"open","sticky":false,"template":"","format":"standard","meta":{"footnotes":""},"categories":[29],"tags":[],"class_list":["post-5072","post","type-post","status-publish","format-standard","has-post-thumbnail","hentry","category-artigos"],"_links":{"self":[{"href":"https:\/\/diarioparanaense.com\/index.php?rest_route=\/wp\/v2\/posts\/5072","targetHints":{"allow":["GET"]}}],"collection":[{"href":"https:\/\/diarioparanaense.com\/index.php?rest_route=\/wp\/v2\/posts"}],"about":[{"href":"https:\/\/diarioparanaense.com\/index.php?rest_route=\/wp\/v2\/types\/post"}],"author":[{"embeddable":true,"href":"https:\/\/diarioparanaense.com\/index.php?rest_route=\/wp\/v2\/users\/1"}],"replies":[{"embeddable":true,"href":"https:\/\/diarioparanaense.com\/index.php?rest_route=%2Fwp%2Fv2%2Fcomments&post=5072"}],"version-history":[{"count":1,"href":"https:\/\/diarioparanaense.com\/index.php?rest_route=\/wp\/v2\/posts\/5072\/revisions"}],"predecessor-version":[{"id":5074,"href":"https:\/\/diarioparanaense.com\/index.php?rest_route=\/wp\/v2\/posts\/5072\/revisions\/5074"}],"wp:featuredmedia":[{"embeddable":true,"href":"https:\/\/diarioparanaense.com\/index.php?rest_route=\/wp\/v2\/media\/5073"}],"wp:attachment":[{"href":"https:\/\/diarioparanaense.com\/index.php?rest_route=%2Fwp%2Fv2%2Fmedia&parent=5072"}],"wp:term":[{"taxonomy":"category","embeddable":true,"href":"https:\/\/diarioparanaense.com\/index.php?rest_route=%2Fwp%2Fv2%2Fcategories&post=5072"},{"taxonomy":"post_tag","embeddable":true,"href":"https:\/\/diarioparanaense.com\/index.php?rest_route=%2Fwp%2Fv2%2Ftags&post=5072"}],"curies":[{"name":"wp","href":"https:\/\/api.w.org\/{rel}","templated":true}]}}