{"id":5069,"date":"2025-09-30T11:36:58","date_gmt":"2025-09-30T14:36:58","guid":{"rendered":"https:\/\/diarioparanaense.com\/?p=5069"},"modified":"2025-09-30T11:36:58","modified_gmt":"2025-09-30T14:36:58","slug":"empresas-fortalecem-praticas-esg-com-energia-compartilhada","status":"publish","type":"post","link":"https:\/\/diarioparanaense.com\/?p=5069","title":{"rendered":"Empresas fortalecem pr\u00e1ticas ESG com energia compartilhada"},"content":{"rendered":"\n<p>A energia compartilhada \u00e9 uma realidade no Brasil desde 2017 e surge como aliada estrat\u00e9gica para organiza\u00e7\u00f5es comprometidas com o conceito ESG (Environmental, Social and Governance), um pilar essencial para marcas que buscam relev\u00e2ncia, responsabilidade ambiental e atra\u00e7\u00e3o de investidores. Ao aderir a esse modelo, a companhia adota pr\u00e1ticas sustent\u00e1veis, fortalece sua atua\u00e7\u00e3o social e implementa uma governan\u00e7a corporativa s\u00f3lida. Al\u00e9m de diminuir a pegada de carbono, o uso da energia compartilhada abre espa\u00e7o para novas oportunidades de neg\u00f3cio.<\/p>\n\n\n\n<p>Para a gerente de marketing da COGECOM \u2014 primeira cooperativa de energia do Brasil \u2014 Cleide Marchi, \u201co conceito ESG se tornou uma diretriz essencial para empresas que desejam se destacar no mercado\u201d. Segundo ela, colocar esse princ\u00edpio em pr\u00e1tica n\u00e3o apenas valoriza a reputa\u00e7\u00e3o institucional, como tamb\u00e9m gera benef\u00edcios financeiros e operacionais.<\/p>\n\n\n\n<p>Cleide Marchi destaca que uma das maneiras mais diretas e eficientes de atender aos crit\u00e9rios ambientais do ESG \u00e9 por meio da ades\u00e3o \u00e0 energia compartilhada da COGECOM. Ao adotar esse modelo, a empresa passa a consumir energia el\u00e9trica gerada a partir de fontes renov\u00e1veis, contribuindo efetivamente para a redu\u00e7\u00e3o da pegada de carbono e, ao mesmo tempo, economizando na conta de luz &#8211; tudo isso sem necessidade de investimento ou adapta\u00e7\u00f5es na estrutura local. \u201cMais do que uma escolha energ\u00e9tica, trata-se de uma decis\u00e3o estrat\u00e9gica que refor\u00e7a o compromisso ambiental da organiza\u00e7\u00e3o e eleva sua responsabilidade diante do mercado e da sociedade\u201d, afirma.<\/p>\n\n\n\n<p>A energia compartilhada da COGECOM integra o modelo de Gera\u00e7\u00e3o Distribu\u00edda, no qual m\u00faltiplos consumidores utilizam a energia proveniente de uma \u00fanica unidade geradora, como fazendas solares, pequenas centrais hidrel\u00e9tricas ou parques e\u00f3licos. Isso garante uma fonte renov\u00e1vel, mais barata e acess\u00edvel de eletricidade, promovendo o uso eficiente dos recursos naturais.<\/p>\n\n\n\n<p>Segundo Cleide Marchi, empresas com forte alinhamento ESG apresentam menor volatilidade financeira, maior efici\u00eancia operacional e gest\u00e3o de riscos mais eficaz. \u201cAl\u00e9m disso, grandes corpora\u00e7\u00f5es e institui\u00e7\u00f5es financeiras v\u00eam intensificando as exig\u00eancias em rela\u00e7\u00e3o \u00e0 ado\u00e7\u00e3o de pr\u00e1ticas ESG por parte de fornecedores e parceiros. Para empresas que buscam expans\u00e3o e consolida\u00e7\u00e3o no mercado, esse comprometimento melhora o relacionamento com clientes e investidores, al\u00e9m de impulsionar a inova\u00e7\u00e3o interna\u201d, comenta.<\/p>\n\n\n\n<p>Dentro da agenda ESG, o pilar ambiental ganha destaque. Minimizar os impactos sobre o meio ambiente tornou-se um dos principais desafios corporativos. \u201cA\u00e7\u00f5es como o uso consciente de recursos, a transi\u00e7\u00e3o para fontes limpas e a redu\u00e7\u00e3o das emiss\u00f5es de carbono s\u00e3o essenciais para construir um futuro sustent\u00e1vel\u201d,&nbsp;conclui.<\/p>\n","protected":false},"excerpt":{"rendered":"<p>A energia compartilhada \u00e9 uma realidade no Brasil desde 2017 e surge como aliada estrat\u00e9gica para organiza\u00e7\u00f5es comprometidas com o conceito ESG (Environmental, Social and Governance), um pilar essencial para marcas que buscam relev\u00e2ncia, responsabilidade ambiental e atra\u00e7\u00e3o de investidores. Ao aderir a esse modelo, a companhia adota pr\u00e1ticas sustent\u00e1veis, fortalece sua atua\u00e7\u00e3o social e [&hellip;]<\/p>\n","protected":false},"author":1,"featured_media":5070,"comment_status":"open","ping_status":"open","sticky":false,"template":"","format":"standard","meta":{"footnotes":""},"categories":[29],"tags":[],"class_list":["post-5069","post","type-post","status-publish","format-standard","has-post-thumbnail","hentry","category-artigos"],"_links":{"self":[{"href":"https:\/\/diarioparanaense.com\/index.php?rest_route=\/wp\/v2\/posts\/5069","targetHints":{"allow":["GET"]}}],"collection":[{"href":"https:\/\/diarioparanaense.com\/index.php?rest_route=\/wp\/v2\/posts"}],"about":[{"href":"https:\/\/diarioparanaense.com\/index.php?rest_route=\/wp\/v2\/types\/post"}],"author":[{"embeddable":true,"href":"https:\/\/diarioparanaense.com\/index.php?rest_route=\/wp\/v2\/users\/1"}],"replies":[{"embeddable":true,"href":"https:\/\/diarioparanaense.com\/index.php?rest_route=%2Fwp%2Fv2%2Fcomments&post=5069"}],"version-history":[{"count":1,"href":"https:\/\/diarioparanaense.com\/index.php?rest_route=\/wp\/v2\/posts\/5069\/revisions"}],"predecessor-version":[{"id":5071,"href":"https:\/\/diarioparanaense.com\/index.php?rest_route=\/wp\/v2\/posts\/5069\/revisions\/5071"}],"wp:featuredmedia":[{"embeddable":true,"href":"https:\/\/diarioparanaense.com\/index.php?rest_route=\/wp\/v2\/media\/5070"}],"wp:attachment":[{"href":"https:\/\/diarioparanaense.com\/index.php?rest_route=%2Fwp%2Fv2%2Fmedia&parent=5069"}],"wp:term":[{"taxonomy":"category","embeddable":true,"href":"https:\/\/diarioparanaense.com\/index.php?rest_route=%2Fwp%2Fv2%2Fcategories&post=5069"},{"taxonomy":"post_tag","embeddable":true,"href":"https:\/\/diarioparanaense.com\/index.php?rest_route=%2Fwp%2Fv2%2Ftags&post=5069"}],"curies":[{"name":"wp","href":"https:\/\/api.w.org\/{rel}","templated":true}]}}