{"id":5060,"date":"2025-09-30T11:02:04","date_gmt":"2025-09-30T14:02:04","guid":{"rendered":"https:\/\/diarioparanaense.com\/?p=5060"},"modified":"2025-09-30T11:02:04","modified_gmt":"2025-09-30T14:02:04","slug":"representantes-do-varejo-nacional-se-reunem-em-londrina-para-tracar-estrategias-de-vendas-para-2026","status":"publish","type":"post","link":"https:\/\/diarioparanaense.com\/?p=5060","title":{"rendered":"Representantes do varejo nacional se re\u00fanem em Londrina para tra\u00e7ar estrat\u00e9gias de vendas para 2026"},"content":{"rendered":"\n<p class=\"has-medium-font-size\">AKR Brands re\u00fane mais de 90 representantes em Londrina para alinhar estrat\u00e9gias, capacitar equipes e lan\u00e7ar a nova cole\u00e7\u00e3o de inverno 2026 da K&amp;J Black<\/p>\n\n\n\n<p>O setor de moda masculina deve atingir US$ 924,52 bilh\u00f5es at\u00e9 2031, segundo o relat\u00f3rio \u201cMercado de Moda Masculina\u201d da Kings Research. No Brasil, o segmento cresce a uma taxa m\u00e9dia de 30% ao ano, de acordo com o Sebrae, colocando o pa\u00eds como o 8\u00ba maior mercado do mundo. Em um contexto em que o consumo e o varejo devem registrar perda de f\u00f4lego nos pr\u00f3ximos trimestres, Londrina se torna palco do Front Academy, conven\u00e7\u00e3o que reunir\u00e1 mais de 90 representantes do Brasil inteiro entre os dias 22 e 26 de setembro, na sede da holding de moda masculina AKR Brands.<\/p>\n\n\n\n<p>Durante cinco dias, cada marca do grupo AKR ter\u00e1 seu momento no evento. King&amp;Joe, King&amp;Joe Play e K&amp;J Black ser\u00e3o abordadas em encontros espec\u00edficos para treinamento, apresenta\u00e7\u00e3o de resultados e estrat\u00e9gias de vendas. A programa\u00e7\u00e3o ser\u00e1 encerrada na sexta-feira (26) com o lan\u00e7amento da cole\u00e7\u00e3o de inverno 2026 da K&amp;J Black, celebrado em uma festa exclusiva para convidados.<\/p>\n\n\n\n<p>\u201cO Front Academy \u00e9 muito mais do que um encontro comercial: \u00e9 um espa\u00e7o de aprendizado, atualiza\u00e7\u00e3o e alinhamento estrat\u00e9gico. Ao reunir representantes de todas as regi\u00f5es do Brasil, conseguimos refor\u00e7ar nossa cultura, compartilhar tend\u00eancias do setor, apresentar novas tecnologias e ferramentas de vendas e, principalmente, ouvir quem est\u00e1 na ponta, mais pr\u00f3ximo do consumidor. Essa troca \u00e9 essencial para que nossas marcas mantenham relev\u00e2ncia, aumentem competitividade e entreguem experi\u00eancias cada vez mais consistentes ao cliente final.\u201d\u201d, destaca Allan Soares, CEO da AKR Brands.<\/p>\n\n\n\n<p class=\"has-medium-font-size\">Cen\u00e1rio do mercado<\/p>\n\n\n\n<p>Apesar do crescimento estrutural do mercado de moda masculina, os pr\u00f3ximos anos apontam para um ritmo mais moderado no varejo nacional. O Indicador de Tend\u00eancia de Consumo e Varejo (ITCVcev), da FGV EAESP em parceria com a FFC-MDS Servi\u00e7os Financeiros, projeta crescimento de 1,10% no consumo em 2025 e apenas 0,56% em 2026. Entre os fatores est\u00e3o o aumento dos juros, que pode elevar o custo do cr\u00e9dito a quase 48% ao ano, e a desacelera\u00e7\u00e3o da massa de renda das fam\u00edlias.<\/p>\n\n\n\n<p>Para Allan Soares, esse contexto refor\u00e7a a import\u00e2ncia de fortalecer a rede de representantes. \u201cO varejo brasileiro passa por uma fase de ajustes e desafios macroecon\u00f4micos, com juros altos, renda mais contida e mudan\u00e7as no comportamento do consumidor. Diante desse cen\u00e1rio, acreditamos que a melhor resposta \u00e9 investir em capacita\u00e7\u00e3o, dados e planejamento estrat\u00e9gico. Nosso objetivo com o Front Academy \u00e9 preparar nossos representantes para diferentes cen\u00e1rios, antecipar tend\u00eancias e oferecer ferramentas que aumentem a rentabilidade e a resili\u00eancia, mantendo a proximidade com o cliente final e garantindo resultados sustent\u00e1veis\u201d, finaliza o CEO.<\/p>\n\n\n\n<p class=\"has-medium-font-size\">Sobre a AKR Brands<\/p>\n\n\n\n<p>A AKR Brands \u00e9 uma holding de multimarcas de moda masculina fundada por Allan Soares e Rafael Miranda, com atua\u00e7\u00e3o nacional por meio das marcas King&amp;Joe, King&amp;Joe Play e K&amp;J Black. Com produ\u00e7\u00e3o pr\u00f3pria em Londrina (PR), a empresa valoriza a combina\u00e7\u00e3o entre design autoral, tecidos de alta qualidade com tecnologia t\u00eaxtil e modelagens que equilibram conforto e estilo. Suas marcas traduzem a pluralidade do homem brasileiro, com pe\u00e7as pensadas para o dia a dia real, mas com informa\u00e7\u00e3o de moda. A AKR se diferencia pela capilaridade no varejo multimarcas, pela experi\u00eancia de compra acess\u00edvel e pela constru\u00e7\u00e3o de um ecossistema que une capacita\u00e7\u00e3o de parceiros, inova\u00e7\u00e3o digital e colabora\u00e7\u00f5es criativas com artistas e marcas independentes. Seu posicionamento \u00e9 urbano, contempor\u00e2neo e conectado com a evolu\u00e7\u00e3o do comportamento&nbsp;masculino.<\/p>\n","protected":false},"excerpt":{"rendered":"<p>AKR Brands re\u00fane mais de 90 representantes em Londrina para alinhar estrat\u00e9gias, capacitar equipes e lan\u00e7ar a nova cole\u00e7\u00e3o de inverno 2026 da K&amp;J Black O setor de moda masculina deve atingir US$ 924,52 bilh\u00f5es at\u00e9 2031, segundo o relat\u00f3rio \u201cMercado de Moda Masculina\u201d da Kings Research. No Brasil, o segmento cresce a uma taxa [&hellip;]<\/p>\n","protected":false},"author":1,"featured_media":5061,"comment_status":"open","ping_status":"open","sticky":false,"template":"","format":"standard","meta":{"footnotes":""},"categories":[324],"tags":[],"class_list":["post-5060","post","type-post","status-publish","format-standard","has-post-thumbnail","hentry","category-negocios"],"_links":{"self":[{"href":"https:\/\/diarioparanaense.com\/index.php?rest_route=\/wp\/v2\/posts\/5060","targetHints":{"allow":["GET"]}}],"collection":[{"href":"https:\/\/diarioparanaense.com\/index.php?rest_route=\/wp\/v2\/posts"}],"about":[{"href":"https:\/\/diarioparanaense.com\/index.php?rest_route=\/wp\/v2\/types\/post"}],"author":[{"embeddable":true,"href":"https:\/\/diarioparanaense.com\/index.php?rest_route=\/wp\/v2\/users\/1"}],"replies":[{"embeddable":true,"href":"https:\/\/diarioparanaense.com\/index.php?rest_route=%2Fwp%2Fv2%2Fcomments&post=5060"}],"version-history":[{"count":1,"href":"https:\/\/diarioparanaense.com\/index.php?rest_route=\/wp\/v2\/posts\/5060\/revisions"}],"predecessor-version":[{"id":5062,"href":"https:\/\/diarioparanaense.com\/index.php?rest_route=\/wp\/v2\/posts\/5060\/revisions\/5062"}],"wp:featuredmedia":[{"embeddable":true,"href":"https:\/\/diarioparanaense.com\/index.php?rest_route=\/wp\/v2\/media\/5061"}],"wp:attachment":[{"href":"https:\/\/diarioparanaense.com\/index.php?rest_route=%2Fwp%2Fv2%2Fmedia&parent=5060"}],"wp:term":[{"taxonomy":"category","embeddable":true,"href":"https:\/\/diarioparanaense.com\/index.php?rest_route=%2Fwp%2Fv2%2Fcategories&post=5060"},{"taxonomy":"post_tag","embeddable":true,"href":"https:\/\/diarioparanaense.com\/index.php?rest_route=%2Fwp%2Fv2%2Ftags&post=5060"}],"curies":[{"name":"wp","href":"https:\/\/api.w.org\/{rel}","templated":true}]}}