{"id":5051,"date":"2025-09-30T10:50:51","date_gmt":"2025-09-30T13:50:51","guid":{"rendered":"https:\/\/diarioparanaense.com\/?p=5051"},"modified":"2025-09-30T10:50:52","modified_gmt":"2025-09-30T13:50:52","slug":"exposicao-veus-da-minha-mata-chega-a-casa-da-cultura-de-campo-largo-em-outubro","status":"publish","type":"post","link":"https:\/\/diarioparanaense.com\/?p=5051","title":{"rendered":"Exposi\u00e7\u00e3o &#8220;V\u00e9us da Minha Mata&#8221; chega \u00e0 Casa da Cultura de Campo Largo em outubro"},"content":{"rendered":"\n<p>A partir de 4 de outubro, a exposi\u00e7\u00e3o \u201cV\u00e9us da Minha Mata\u201d, da artista visual Venilda Bernard, chega \u00e0 Casa da Cultura de Campo Largo, Reg\u00e3o Metropolitana de Curitiba. A mostra fica em cartaz at\u00e9 30 de outubro reunindo 15 obras autorais que exploram a riqueza da Mata Atl\u00e2ntica localizada aos p\u00e9s do Morro do Cal, em Campo Largo.<\/p>\n\n\n\n<p>A abertura oficial da exposi\u00e7\u00e3o, a vernissage, ocorre no s\u00e1bado, 4 de outubro, das 14h30 \u00e0s 17h30, e contar\u00e1 com a presen\u00e7a da artista e convidados. Ap\u00f3s a abertura, a Casa da Cultura recebe o p\u00fablico de segunda a sexta-feira, das 8h30 \u00e0s 17h, e aos s\u00e1bados, a visita\u00e7\u00e3o acontece das 13h \u00e0s 17h, mediante acompanhamento de um colaborador disponibilizado pela artista.<\/p>\n\n\n\n<p>\u201cV\u00e9us da Minha Mata\u201d \u00e9 fruto de uma profunda imers\u00e3o da artista em seu entorno natural, que preserva cerca de cinco alqueires de Mata Atl\u00e2ntica. Venilda Bernard estudou minuciosamente elementos do microcosmo local \u2014 linques, musgos, folhas, troncos e \u00e1guas correntes \u2014 para criar uma paleta de cores e texturas que traduzem a vida e os detalhes da mata.<\/p>\n\n\n\n<p>Com uma linguagem que mistura abstrato l\u00edrico, Venilda utiliza uma t\u00e9cnica autoral chamada \u201cespato l\u00edquido\u201d, criando obras de diferentes dimens\u00f5es \u2014 pequenas, m\u00e9dias e grandes \u2014 que convidam o espectador a explorar camadas de cores, formas e sensa\u00e7\u00f5es. Toda a cole\u00e7\u00e3o estar\u00e1 \u00e0 venda, permitindo que o p\u00fablico leve para casa um peda\u00e7o da natureza transformada em arte.<\/p>\n\n\n\n<p>Segundo a curadoria de Val\u00e9ria Ross, a exposi\u00e7\u00e3o \u00e9 um convite para desacelerar, olhar com aten\u00e7\u00e3o o invis\u00edvel e refletir sobre a conex\u00e3o entre arte e natureza. \u201cA natureza contida na ch\u00e1cara n\u00e3o \u00e9 apenas a origem de seus trabalhos, mas tamb\u00e9m o prop\u00f3sito da sua arte. Cada obra revela um v\u00e9u que esconde o invis\u00edvel e nos desafia a trilhar nosso pr\u00f3prio caminho de descoberta\u201d, afirma a curadora.<\/p>\n\n\n\n<p>Para mais informa\u00e7\u00f5es sobre a artista e suas obras:<\/p>\n\n\n\n<p>@venildabernardart<br><a href=\"http:\/\/www.venildabernard.com.br\">www.venildabernard.com.br<br><\/a>venildabernardartes@gmail.com<\/p>\n\n\n\n<p>Servi\u00e7o:&nbsp;Exposi\u00e7\u00e3o: V\u00e9us da Minha Mata \u2013 Venilda Bernard<br>Data de abertura: S\u00e1bado, 4 de outubro, das 14h30 \u00e0s 17h30<br>Per\u00edodo: 4 a 30 de outubro<br>Local: Casa da Cultura de Campo Largo<br>Visita\u00e7\u00e3o: Segunda a sexta, das 8h30 \u00e0s 17h \/ S\u00e1bados, das 13h \u00e0s 17h<\/p>\n\n\n\n<p class=\"has-medium-font-size\">Sobre a artista<\/p>\n\n\n\n<p>Venilda Bernard \u00e9 artista visual e designer de produto, nascida em Curitiba, com trajet\u00f3ria iniciada em 1996. Mant\u00e9m o seu ateli\u00ea em Campo Largo, onde cria suas obras e promove workshops de pintura e viv\u00eancias art\u00edsticas. Sua principal linguagem \u00e9 a t\u00e9cnica autoral Spatulique, que une fluidez, movimento e for\u00e7a da esp\u00e1tula, resultando em composi\u00e7\u00f5es \u00fanicas que transitam entre o abstrato e o impressionismo, sempre inspiradas na natureza e em sua conex\u00e3o espiritual com\u00a0o\u00a0ato\u00a0criativo.<\/p>\n","protected":false},"excerpt":{"rendered":"<p>A partir de 4 de outubro, a exposi\u00e7\u00e3o \u201cV\u00e9us da Minha Mata\u201d, da artista visual Venilda Bernard, chega \u00e0 Casa da Cultura de Campo Largo, Reg\u00e3o Metropolitana de Curitiba. A mostra fica em cartaz at\u00e9 30 de outubro reunindo 15 obras autorais que exploram a riqueza da Mata Atl\u00e2ntica localizada aos p\u00e9s do Morro do [&hellip;]<\/p>\n","protected":false},"author":1,"featured_media":5052,"comment_status":"open","ping_status":"open","sticky":false,"template":"","format":"standard","meta":{"footnotes":""},"categories":[24],"tags":[],"class_list":["post-5051","post","type-post","status-publish","format-standard","has-post-thumbnail","hentry","category-artes"],"_links":{"self":[{"href":"https:\/\/diarioparanaense.com\/index.php?rest_route=\/wp\/v2\/posts\/5051","targetHints":{"allow":["GET"]}}],"collection":[{"href":"https:\/\/diarioparanaense.com\/index.php?rest_route=\/wp\/v2\/posts"}],"about":[{"href":"https:\/\/diarioparanaense.com\/index.php?rest_route=\/wp\/v2\/types\/post"}],"author":[{"embeddable":true,"href":"https:\/\/diarioparanaense.com\/index.php?rest_route=\/wp\/v2\/users\/1"}],"replies":[{"embeddable":true,"href":"https:\/\/diarioparanaense.com\/index.php?rest_route=%2Fwp%2Fv2%2Fcomments&post=5051"}],"version-history":[{"count":1,"href":"https:\/\/diarioparanaense.com\/index.php?rest_route=\/wp\/v2\/posts\/5051\/revisions"}],"predecessor-version":[{"id":5053,"href":"https:\/\/diarioparanaense.com\/index.php?rest_route=\/wp\/v2\/posts\/5051\/revisions\/5053"}],"wp:featuredmedia":[{"embeddable":true,"href":"https:\/\/diarioparanaense.com\/index.php?rest_route=\/wp\/v2\/media\/5052"}],"wp:attachment":[{"href":"https:\/\/diarioparanaense.com\/index.php?rest_route=%2Fwp%2Fv2%2Fmedia&parent=5051"}],"wp:term":[{"taxonomy":"category","embeddable":true,"href":"https:\/\/diarioparanaense.com\/index.php?rest_route=%2Fwp%2Fv2%2Fcategories&post=5051"},{"taxonomy":"post_tag","embeddable":true,"href":"https:\/\/diarioparanaense.com\/index.php?rest_route=%2Fwp%2Fv2%2Ftags&post=5051"}],"curies":[{"name":"wp","href":"https:\/\/api.w.org\/{rel}","templated":true}]}}