{"id":5050,"date":"2025-09-30T10:52:18","date_gmt":"2025-09-30T13:52:18","guid":{"rendered":"https:\/\/diarioparanaense.com\/?p=5050"},"modified":"2025-09-30T10:52:20","modified_gmt":"2025-09-30T13:52:20","slug":"pre-venda-de-o-poder-da-sintonia-da-venda-une-vendas-com-proposito-social","status":"publish","type":"post","link":"https:\/\/diarioparanaense.com\/?p=5050","title":{"rendered":"Pr\u00e9-venda de &#8220;O Poder da Sintonia da Venda&#8221; une vendas com prop\u00f3sito social"},"content":{"rendered":"\n<p>A pr\u00e9-venda do livro \u201cO Poder da Sintonia da Venda\u201d, de Caleb Tavares, gestor comercial com mais de 20 anos de experi\u00eancia, come\u00e7a nessa quinta-feira, dia 25 de setembro, e segue at\u00e9 o dia 25 de outubro. . A obra vai al\u00e9m das t\u00e9cnicas de negocia\u00e7\u00e3o: apresenta, em formato de storytelling, a trajet\u00f3ria de Caio Ivani Tales \u2014 personagem inspirado em hist\u00f3rias reais \u2014 que transforma desafios pessoais e profissionais em um m\u00e9todo de vendas s\u00f3lido e humano.<\/p>\n\n\n\n<p>Com linguagem envolvente, Caleb estrutura sua filosofia em cinco pilares da Sintonia da Venda e detalha os seis passos pr\u00e1ticos do m\u00e9todo A VENDA, somados a um e-book b\u00f4nus de matem\u00e1tica comercial acess\u00edvel via QR Code. O lan\u00e7amento traz como diferencial a fus\u00e3o entre t\u00e9cnica e prop\u00f3sito, revelando como disciplina, valores e conex\u00e3o genu\u00edna podem gerar resultados consistentes tanto no mercado quanto na vida pessoal.<\/p>\n\n\n\n<p>\u201cVenda n\u00e3o \u00e9 apenas sobre fechar neg\u00f3cios, mas sobre alinhar prop\u00f3sito e verdade em cada escolha. Quando t\u00e9cnica e vida caminham na mesma frequ\u00eancia, nasce a sintonia que sustenta resultados duradouros\u201d, afirma Caleb Tavares.<\/p>\n\n\n\n<p>Al\u00e9m do conte\u00fado transformador, a iniciativa carrega um impacto social: 100% da rentabilidade obtida at\u00e9 o Natal ser\u00e1 revertida ao Projeto Sorriso Terapia, que apoia crian\u00e7as autistas, \u00f3rf\u00e3os e m\u00e3es at\u00edpicas. \u201cQuis transformar meu primeiro livro em mais do que um manual de vendas. Ele \u00e9 tamb\u00e9m um instrumento de esperan\u00e7a. Cada exemplar adquirido ajuda a espalhar cuidado e dignidade para quem mais precisa\u201d, refor\u00e7a o autor.<\/p>\n\n\n\n<p>A pr\u00e9-venda segue at\u00e9 25 de outubro, com at\u00e9 10% de desconto. A compra \u00e9 feita online, e os exemplares ser\u00e3o entregues diretamente aos leitores ap\u00f3s o per\u00edodo de pr\u00e9-lan\u00e7amento.<\/p>\n\n\n\n<p class=\"has-medium-font-size\">Sobre\u00a0Caleb Tavares<\/p>\n\n\n\n<p>O autor construiu sua carreira em grandes empresas como Tigre S.A. Tubos e Conex\u00f5es, Pulvitec \u2014 Grupo Soprema e Madeiras Eulide, passando de vendedor interno \u00e0 diretoria comercial. Reconhecido pelo estilo de lideran\u00e7a inspirador, \u00e9 tamb\u00e9m palestrante e treinador de equipes de vendas. Casado e pai de dois filhos, dedica-se a conectar resultados profissionais a prop\u00f3sito de vida.<\/p>\n\n\n\n<p class=\"has-medium-font-size\">Servi\u00e7o<\/p>\n\n\n\n<p><strong>T\u00edtulo: O Poder da Sintonia da Venda<br>Autor<\/strong>: Caleb Tavares<br>Pr\u00e9-venda at\u00e9 25\/10 \u2013 com at\u00e9 10% de desconto<br><strong>B\u00f4nus<\/strong>: E-book de Matem\u00e1tica Comercial (via QR Code)<br><strong>Impacto social<\/strong>: renda destinada ao Projeto Sorriso Terapia at\u00e9 o Natal<br><a href=\"http:\/\/www.calebtavares.com.br\">www.calebtavares.com.br<br><\/a><strong>Instagram<\/strong>: @tavarescaleb<br><strong>LinkedIn<\/strong>: Caleb Tavares<br><strong>Contato<\/strong>: tavares.caleb@gmail.com<br><strong>WhatsApp<\/strong>:\u00a0(41)\u00a099932-0565<\/p>\n","protected":false},"excerpt":{"rendered":"<p>A pr\u00e9-venda do livro \u201cO Poder da Sintonia da Venda\u201d, de Caleb Tavares, gestor comercial com mais de 20 anos de experi\u00eancia, come\u00e7a nessa quinta-feira, dia 25 de setembro, e segue at\u00e9 o dia 25 de outubro. . A obra vai al\u00e9m das t\u00e9cnicas de negocia\u00e7\u00e3o: apresenta, em formato de storytelling, a trajet\u00f3ria de Caio [&hellip;]<\/p>\n","protected":false},"author":1,"featured_media":5054,"comment_status":"open","ping_status":"open","sticky":false,"template":"","format":"standard","meta":{"footnotes":""},"categories":[142],"tags":[],"class_list":["post-5050","post","type-post","status-publish","format-standard","has-post-thumbnail","hentry","category-literatura"],"_links":{"self":[{"href":"https:\/\/diarioparanaense.com\/index.php?rest_route=\/wp\/v2\/posts\/5050","targetHints":{"allow":["GET"]}}],"collection":[{"href":"https:\/\/diarioparanaense.com\/index.php?rest_route=\/wp\/v2\/posts"}],"about":[{"href":"https:\/\/diarioparanaense.com\/index.php?rest_route=\/wp\/v2\/types\/post"}],"author":[{"embeddable":true,"href":"https:\/\/diarioparanaense.com\/index.php?rest_route=\/wp\/v2\/users\/1"}],"replies":[{"embeddable":true,"href":"https:\/\/diarioparanaense.com\/index.php?rest_route=%2Fwp%2Fv2%2Fcomments&post=5050"}],"version-history":[{"count":1,"href":"https:\/\/diarioparanaense.com\/index.php?rest_route=\/wp\/v2\/posts\/5050\/revisions"}],"predecessor-version":[{"id":5055,"href":"https:\/\/diarioparanaense.com\/index.php?rest_route=\/wp\/v2\/posts\/5050\/revisions\/5055"}],"wp:featuredmedia":[{"embeddable":true,"href":"https:\/\/diarioparanaense.com\/index.php?rest_route=\/wp\/v2\/media\/5054"}],"wp:attachment":[{"href":"https:\/\/diarioparanaense.com\/index.php?rest_route=%2Fwp%2Fv2%2Fmedia&parent=5050"}],"wp:term":[{"taxonomy":"category","embeddable":true,"href":"https:\/\/diarioparanaense.com\/index.php?rest_route=%2Fwp%2Fv2%2Fcategories&post=5050"},{"taxonomy":"post_tag","embeddable":true,"href":"https:\/\/diarioparanaense.com\/index.php?rest_route=%2Fwp%2Fv2%2Ftags&post=5050"}],"curies":[{"name":"wp","href":"https:\/\/api.w.org\/{rel}","templated":true}]}}