{"id":5038,"date":"2025-09-29T10:44:03","date_gmt":"2025-09-29T13:44:03","guid":{"rendered":"https:\/\/diarioparanaense.com\/?p=5038"},"modified":"2025-09-29T10:44:04","modified_gmt":"2025-09-29T13:44:04","slug":"vida-nova-programa-dos-amigos-do-hc-ajuda-aposentada-a-aprender-a-ler-e-escrever-aos-75-anos","status":"publish","type":"post","link":"https:\/\/diarioparanaense.com\/?p=5038","title":{"rendered":"Vida nova: Programa dos Amigos do HC ajuda aposentada a aprender a ler e escrever aos 75 anos"},"content":{"rendered":"\n<p>Brasil tem mais de 9 milh\u00f5es de pessoas analfabetas, de acordo com o IBGE. Iniciativas como a do CEDIVIDA ajudam a mudar este quadro<\/p>\n\n\n\n<p>Escrever um bilhete ou ler uma placa pode ser algo simples para milh\u00f5es de brasileiros, mas era um sonho para Ana Fidelis, de 75 anos. De fam\u00edlia humilde, a idosa foi criada em um s\u00edtio e lembra que, naquela \u00e9poca, ler e escrever n\u00e3o eram prioridade em algumas fam\u00edlias. \u201cMeus pais falavam que eu n\u00e3o precisava ler tudo e meus irm\u00e3os tamb\u00e9m n\u00e3o permitiam que eu fosse para a escola\u201d, relembra Ana Fidelis.<\/p>\n\n\n\n<p>A aposentada fazia parte dos 5,3% de brasileiros analfabetos, mas a situa\u00e7\u00e3o come\u00e7ou a mudar depois de uma conversa com uma colega. Durante uma atividade no CEDIVIDA, Centro de Direitos \u00e0 Vida da Pessoa Idosa dos Amigos do HC, a aposentada deu in\u00edcio a uma nova jornada ao lado da amiga Erenice Kowalski Zado: a das palavras.<\/p>\n\n\n\n<p>Idalina Cunha, coordenadora do CEDIVIDA, fala sobre a import\u00e2ncia das rela\u00e7\u00f5es dentro do projeto. \u201cO CEDIVIDA \u00e9 um centro de conviv\u00eancia com diversas atividades e oficinas voltado para a pessoa idosa. E a import\u00e2ncia das rela\u00e7\u00f5es na terceira idade se v\u00ea na amizade entre Ana Fidelis e Erenice. \u00c9 uma hist\u00f3ria muito bonita e que temos muita alegria em contar. N\u00f3s tamb\u00e9m temos a miss\u00e3o de proporcionar esses encontros e fazer com que as pessoas se sintam \u00e0 vontade e acolhidas para que possam trabalhar as suas emo\u00e7\u00f5es e as dificuldades dentro de um ambiente seguro\u201d, afirma.<\/p>\n\n\n\n<p>Desde 2023, o CEDIVIDA oferece oficinas, palestras e outras atividades que promovem sa\u00fade, bem-estar, direitos, autonomia, inclus\u00e3o digital, al\u00e9m de oportunidades de emprego e empreendedorismo para a popula\u00e7\u00e3o 60+. Tudo de gra\u00e7a.<\/p>\n\n\n\n<p class=\"has-medium-font-size\">A jornada de Ana Fidelis<\/p>\n\n\n\n<p>Erenice, professora aposentada, lembra com carinho de como tudo come\u00e7ou. \u201cN\u00f3s est\u00e1vamos estudando o Estatuto do Idoso e o professor distribuiu um papel para a gente colocar a nossa opini\u00e3o. Uma das colegas, a dona Ana, falou que n\u00e3o adiantava dar o papel porque ela n\u00e3o sabia escrever. Perguntei: a senhora quer aprender? Ela disse que sim. Eu respondi que iria ensinar\u201d, relembra Erenice.<\/p>\n\n\n\n<p>A partir da\u00ed, Erenice foi em busca de material para ensinar Ana Fidelis. \u201cComprei uns livrinhos de desenvolvimento motor fino para ela come\u00e7ar a fazer. Quando ela terminou, comprei outro com as vogais, depois consoantes e uma cartilha, e assim foi que come\u00e7amos. Ela tem um pouco de dificuldade ainda para escrever, mas a letra dela est\u00e1 bem bonita, porque ela tamb\u00e9m fez caligrafia. Fez uma por\u00e7\u00e3o de exerc\u00edcios, s\u00f3 que nessa idade \u00e9 mais dif\u00edcil o desenvolvimento motor\u201d, conta a professora.<\/p>\n\n\n\n<p>Al\u00e9m de conseguir ler e escrever, o que facilita o dia a dia de Ana Fidelis, o comportamento da idosa tamb\u00e9m teve mudan\u00e7as relevantes. Erenice, que participa semanalmente das atividades ao lado de Ana Fidelis no CEDIVIDA, conta como as mudan\u00e7as s\u00e3o evidentes. \u201cEla ficou muito feliz de ter aprendido a ler e escrever e eu noto que ela mudou a postura. Sempre estava cabisbaixa, n\u00e3o falava com ningu\u00e9m. Agora ela sai na rua lendo placas. A filha dela diz que ela l\u00ea tudo que tem por perto. Agora, ela conversa bastante, participa mais das atividades e j\u00e1 est\u00e1 conseguindo se comunicar. E eu, como professora, tinha a obriga\u00e7\u00e3o, n\u00e9? Estou muito feliz por isso\u201d, comemora Erenice.<\/p>\n\n\n\n<p>Ana Fidelis tamb\u00e9m sente que aprender mais sobre as palavras e a escrita tem mudado sua vida. \u201cEu sa\u00ed daquela depress\u00e3o. Precisava ler e n\u00e3o sabia o que estava escrito. Agora eu sei e tenho autonomia\u201d, comenta a aposentada.<\/p>\n\n\n\n<p class=\"has-medium-font-size\">Analfabetismo no Brasil<\/p>\n\n\n\n<p>No Brasil, a taxa de analfabetismo absoluto (n\u00e3o saber ler ou escrever) em 2024 foi de 5,3%, representando 9,1 milh\u00f5es de pessoas e marcando a menor taxa hist\u00f3rica registrada pelo IBGE desde 2016. O analfabetismo, em suas diversas formas, continua a ser um obst\u00e1culo significativo para o pleno desenvolvimento social e econ\u00f4mico de um pa\u00eds. Apesar dos avan\u00e7os nas \u00faltimas d\u00e9cadas, milh\u00f5es de brasileiros ainda enfrentam dificuldades em ler, escrever e compreender informa\u00e7\u00f5es b\u00e1sicas, o que limita seu acesso a direitos, oportunidades e \u00e0 participa\u00e7\u00e3o cidad\u00e3. Para o indiv\u00edduo, significa restri\u00e7\u00e3o de acesso a empregos qualificados, menor capacidade de participa\u00e7\u00e3o pol\u00edtica e social, e maior vulnerabilidade \u00e0 explora\u00e7\u00e3o e desinforma\u00e7\u00e3o.<\/p>\n\n\n\n<p class=\"has-medium-font-size\">Sobre o CEDIVIDA<\/p>\n\n\n\n<p>O Programa CEDIVIDA, mantido pelos Amigos do HC, \u00e9 o Centro de Direitos \u00e0 Vida da Pessoa Idosa.<br>Atende gratuitamente pessoas que buscam uma longevidade mais saud\u00e1vel e aut\u00f4noma. Em sede pr\u00f3pria, inaugurada em 2023, s\u00e3o realizadas oficinas, palestras e outras atividades que promovem a sa\u00fade, bem-estar, direitos, intergeracionalidade e a inclus\u00e3o digital, al\u00e9m do fomento \u00e0 empregabilidade e o empreendedorismo 60+.<\/p>\n\n\n\n<p class=\"has-medium-font-size\">Servi\u00e7o:<\/p>\n\n\n\n<p><strong>CEDIVIDA <\/strong>&#8211; Centro de Direitos \u00e0 Vida da Pessoa Idosa<br><strong>Mantenedor:<\/strong> Amigos do HC<br><strong>Endere\u00e7o:<\/strong> Av. Agostinho Le\u00e3o Jr., 320 \u2013 Alto da Gl\u00f3ria<br><strong>Atendimento<\/strong>: De segunda a sexta, das 8h30 \u00e0s 17h30<br><strong>Contatos<\/strong>: (41) 3122-8650 | contato@cedivida.org.br<\/p>\n","protected":false},"excerpt":{"rendered":"<p>Brasil tem mais de 9 milh\u00f5es de pessoas analfabetas, de acordo com o IBGE. Iniciativas como a do CEDIVIDA ajudam a mudar este quadro Escrever um bilhete ou ler uma placa pode ser algo simples para milh\u00f5es de brasileiros, mas era um sonho para Ana Fidelis, de 75 anos. De fam\u00edlia humilde, a idosa foi [&hellip;]<\/p>\n","protected":false},"author":1,"featured_media":5039,"comment_status":"open","ping_status":"open","sticky":false,"template":"","format":"standard","meta":{"footnotes":""},"categories":[29,424,164],"tags":[],"class_list":["post-5038","post","type-post","status-publish","format-standard","has-post-thumbnail","hentry","category-artigos","category-curitiba","category-saude-2"],"_links":{"self":[{"href":"https:\/\/diarioparanaense.com\/index.php?rest_route=\/wp\/v2\/posts\/5038","targetHints":{"allow":["GET"]}}],"collection":[{"href":"https:\/\/diarioparanaense.com\/index.php?rest_route=\/wp\/v2\/posts"}],"about":[{"href":"https:\/\/diarioparanaense.com\/index.php?rest_route=\/wp\/v2\/types\/post"}],"author":[{"embeddable":true,"href":"https:\/\/diarioparanaense.com\/index.php?rest_route=\/wp\/v2\/users\/1"}],"replies":[{"embeddable":true,"href":"https:\/\/diarioparanaense.com\/index.php?rest_route=%2Fwp%2Fv2%2Fcomments&post=5038"}],"version-history":[{"count":1,"href":"https:\/\/diarioparanaense.com\/index.php?rest_route=\/wp\/v2\/posts\/5038\/revisions"}],"predecessor-version":[{"id":5040,"href":"https:\/\/diarioparanaense.com\/index.php?rest_route=\/wp\/v2\/posts\/5038\/revisions\/5040"}],"wp:featuredmedia":[{"embeddable":true,"href":"https:\/\/diarioparanaense.com\/index.php?rest_route=\/wp\/v2\/media\/5039"}],"wp:attachment":[{"href":"https:\/\/diarioparanaense.com\/index.php?rest_route=%2Fwp%2Fv2%2Fmedia&parent=5038"}],"wp:term":[{"taxonomy":"category","embeddable":true,"href":"https:\/\/diarioparanaense.com\/index.php?rest_route=%2Fwp%2Fv2%2Fcategories&post=5038"},{"taxonomy":"post_tag","embeddable":true,"href":"https:\/\/diarioparanaense.com\/index.php?rest_route=%2Fwp%2Fv2%2Ftags&post=5038"}],"curies":[{"name":"wp","href":"https:\/\/api.w.org\/{rel}","templated":true}]}}