{"id":5025,"date":"2025-09-24T08:31:24","date_gmt":"2025-09-24T11:31:24","guid":{"rendered":"https:\/\/diarioparanaense.com\/?p=5025"},"modified":"2025-09-30T10:54:12","modified_gmt":"2025-09-30T13:54:12","slug":"bicampeao-brasileiro-em-manaus-julio-ferraz-faz-historia-no-levantamento-de-peso","status":"publish","type":"post","link":"https:\/\/diarioparanaense.com\/?p=5025","title":{"rendered":"Bicampe\u00e3o brasileiro em Manaus &#8211; J\u00falio Ferraz faz hist\u00f3ria no levantamento de peso."},"content":{"rendered":"\n<p class=\"has-medium-font-size\">Em nova categoria de peso, agora mais pesado, atleta fatura dois t\u00edtulos e ainda quebra 4 recordes brasileiros.&nbsp;<\/p>\n\n\n\n<p>Manaus, 21 de setembro de 2025. O atleta de Rio Branco do Sul-PR J\u00falio Ferraz de 43 anos estreou na categoria at\u00e9 82,5kg faturando dois t\u00edtulos e quebrou 4 recordes brasileiros no Campeonato Brasileiro de Powerb\u00edceps realizado na cidade de Manaus nesse domingo.&nbsp;<\/p>\n\n\n\n<p>J\u00falio conseguiu um grande feito, pois essa \u00e9 sua quarta categoria e com t\u00edtulos de express\u00e3o em todas elas.&nbsp;<\/p>\n\n\n\n<p><em>&#8220;Hoje o esporte pode ver o melhor que posso oferecer, estou em alto n\u00edvel e me senti muito confort\u00e1vel na nova categoria, mas penso que tenho margem para melhoria e vou atr\u00e1s para os pr\u00f3ximos eventos&#8221;, diz o atleta.&nbsp;<\/em><\/p>\n\n\n\n<p>O atleta tamb\u00e9m autografou seu livro &#8220;Os valores de um campe\u00e3o&#8221; para o p\u00fablico e atendeu a plateia ap\u00f3s a entrega da premia\u00e7\u00e3o.&nbsp;<\/p>\n\n\n\n<p><strong>Sobre o atleta&nbsp;&nbsp;&nbsp;&nbsp;&nbsp;&nbsp;<\/strong><\/p>\n\n\n\n<p>J\u00falio Ferraz mora na cidade de Rio Branco do Sul-Pr, tem 43 anos, \u00e9 formado em Marketing, Filosofia, Pedagogia, Letras, Ingl\u00eas e Espanhol.<\/p>\n\n\n\n<p><strong>Apoio aos atletas<\/strong><\/p>\n\n\n\n<p>A Prefeitura de Rio Branco do Sul tem demonstrado um compromisso significativo com o fomento e apoio ao esporte local. A cria\u00e7\u00e3o da Lei 1.268\/2021, que institui o programa Bolsa Atleta, \u00e9 uma das principais iniciativas que visa proporcionar incentivos financeiros para os atletas da cidade. Com essa pol\u00edtica p\u00fablica, os esportistas locais recebem apoio para custear despesas, como inscri\u00e7\u00f5es em competi\u00e7\u00f5es oficiais, permitindo que representem o munic\u00edpio em eventos esportivos.<\/p>\n\n\n\n<p>Al\u00e9m disso, a cidade agora est\u00e1 apta a receber recursos adicionais atrav\u00e9s do Fundo Estadual, por meio do selo Plus, o que amplia ainda mais as possibilidades de apoio e investimento no esporte. Esses repasses de recursos \u201cfundo a fundo\u201d fortalecem ainda mais a capacidade do munic\u00edpio de incentivar e apoiar seus atletas, criando condi\u00e7\u00f5es mais favor\u00e1veis para o desenvolvimento do esporte e a descoberta de novos talentos na regi\u00e3o.<\/p>\n","protected":false},"excerpt":{"rendered":"<p>Em nova categoria de peso, agora mais pesado, atleta fatura dois t\u00edtulos e ainda quebra 4 recordes brasileiros.&nbsp; Manaus, 21 de setembro de 2025. O atleta de Rio Branco do Sul-PR J\u00falio Ferraz de 43 anos estreou na categoria at\u00e9 82,5kg faturando dois t\u00edtulos e quebrou 4 recordes brasileiros no Campeonato Brasileiro de Powerb\u00edceps realizado [&hellip;]<\/p>\n","protected":false},"author":1,"featured_media":5028,"comment_status":"open","ping_status":"open","sticky":false,"template":"","format":"standard","meta":{"footnotes":""},"categories":[29,2,159,425],"tags":[443,439,154,160],"class_list":["post-5025","post","type-post","status-publish","format-standard","has-post-thumbnail","hentry","category-artigos","category-destaque","category-esportes","category-parana","tag-campeao","tag-halterofilismo","tag-julio-ferraz","tag-power-biceps"],"_links":{"self":[{"href":"https:\/\/diarioparanaense.com\/index.php?rest_route=\/wp\/v2\/posts\/5025","targetHints":{"allow":["GET"]}}],"collection":[{"href":"https:\/\/diarioparanaense.com\/index.php?rest_route=\/wp\/v2\/posts"}],"about":[{"href":"https:\/\/diarioparanaense.com\/index.php?rest_route=\/wp\/v2\/types\/post"}],"author":[{"embeddable":true,"href":"https:\/\/diarioparanaense.com\/index.php?rest_route=\/wp\/v2\/users\/1"}],"replies":[{"embeddable":true,"href":"https:\/\/diarioparanaense.com\/index.php?rest_route=%2Fwp%2Fv2%2Fcomments&post=5025"}],"version-history":[{"count":2,"href":"https:\/\/diarioparanaense.com\/index.php?rest_route=\/wp\/v2\/posts\/5025\/revisions"}],"predecessor-version":[{"id":5056,"href":"https:\/\/diarioparanaense.com\/index.php?rest_route=\/wp\/v2\/posts\/5025\/revisions\/5056"}],"wp:featuredmedia":[{"embeddable":true,"href":"https:\/\/diarioparanaense.com\/index.php?rest_route=\/wp\/v2\/media\/5028"}],"wp:attachment":[{"href":"https:\/\/diarioparanaense.com\/index.php?rest_route=%2Fwp%2Fv2%2Fmedia&parent=5025"}],"wp:term":[{"taxonomy":"category","embeddable":true,"href":"https:\/\/diarioparanaense.com\/index.php?rest_route=%2Fwp%2Fv2%2Fcategories&post=5025"},{"taxonomy":"post_tag","embeddable":true,"href":"https:\/\/diarioparanaense.com\/index.php?rest_route=%2Fwp%2Fv2%2Ftags&post=5025"}],"curies":[{"name":"wp","href":"https:\/\/api.w.org\/{rel}","templated":true}]}}