{"id":5022,"date":"2025-09-18T16:50:55","date_gmt":"2025-09-18T19:50:55","guid":{"rendered":"https:\/\/diarioparanaense.com\/?p=5022"},"modified":"2025-09-18T16:50:55","modified_gmt":"2025-09-18T19:50:55","slug":"central-de-agendamento-da-savana-garante-mais-seguranca-na-estrada-e-ja-soma-43-mil-atendimentos-em-2025","status":"publish","type":"post","link":"https:\/\/diarioparanaense.com\/?p=5022","title":{"rendered":"Central de Agendamento da Savana garante mais seguran\u00e7a na estrada e j\u00e1 soma 4,3 mil atendimentos em 2025"},"content":{"rendered":"\n<p class=\"has-medium-font-size\"><em>Com unidades no Paran\u00e1, Santa Catarina e S\u00e3o Paulo, a Savana aposta no agendamento programado para garantir seguran\u00e7a, produtividade e conforto aos motoristas<\/em><\/p>\n\n\n\n<p>Com o objetivo de contribuir para que caminhoneiros e frotistas mantenham suas rotas e entregas em dia, a Savana, concession\u00e1ria Mercedes-Benz que integra a Divis\u00e3o Com\u00e9rcio do Grupo \u00c1guia Branca, por meio da pr\u00f3pria Central de Agendamento, celebra a marca de 4.300 manuten\u00e7\u00f5es programadas, no per\u00edodo de janeiro a agosto de 2025.<\/p>\n\n\n\n<p>O servi\u00e7o \u00e9 um diferencial da marca, e permite que os clientes programem suas revis\u00f5es e manuten\u00e7\u00f5es de forma simplificada e programada, o que reduz paradas inesperadas e garante mais seguran\u00e7a na estrada. Durante o atendimento, os motoristas contam ainda com uma estrutura voltada para o conforto dos clientes, que inclui Wi-Fi dispon\u00edvel, espa\u00e7o para descanso e caf\u00e9 fresco.<\/p>\n\n\n\n<p>\u201cNo m\u00eas dedicado aos caminhoneiros, a Savana ratifica sua vis\u00e3o de ser parceira desses profissionais que respondem pelo transporte de cerca de 75% das cargas no Brasil. Nosso objetivo \u00e9 oferecer aos clientes mais produtividade e menos preju\u00edzos com imprevistos\u201d, explica Wilson Sato, L\u00edder de Solu\u00e7\u00f5es Integradas ao Cliente da Central de Agendamento da Savana.<\/p>\n\n\n\n<p>Com unidades no Paran\u00e1, Santa Catarina e S\u00e3o Paulo, a Savana recebe aproximadamente 2.600 ve\u00edculos por m\u00eas, agendados pela Central de Atendimento, concentradas em suas 12 filiais.<\/p>\n\n\n\n<p>Para realizar o agendamento, os interessados dever\u00e3o entrar em contato com a concession\u00e1ria pelos telefones, (41) 3003-4646, WhatsApp (41) 99286-9173 ou por e-mail: agendamento@savana.com.br e escolher o melhor dia e hor\u00e1rio para agendar a parada t\u00e9cnica. Os canais de atendimento s\u00e3o v\u00e1lidos para todas as unidades da Savana.<\/p>\n\n\n\n<p><strong>Sobre a Savana<\/strong><\/p>\n\n\n\n<p>A concession\u00e1rias Savana, do Grupo \u00c1guia Branca \u00e9 especialista na comercializa\u00e7\u00e3o de caminh\u00f5es e ve\u00edculos comerciais da Mercedes-Benz. Com forte presen\u00e7a nos setores de transporte e log\u00edstica, a marca oferece um portf\u00f3lio completo de ve\u00edculos, pe\u00e7as e servi\u00e7os de oficina. Al\u00e9m disso, conta com solu\u00e7\u00f5es para pneus e recapagem, garantindo desempenho e efici\u00eancia para os clientes do segmento de transporte de cargas.<\/p>\n","protected":false},"excerpt":{"rendered":"<p>Com unidades no Paran\u00e1, Santa Catarina e S\u00e3o Paulo, a Savana aposta no agendamento programado para garantir seguran\u00e7a, produtividade e conforto aos motoristas Com o objetivo de contribuir para que caminhoneiros e frotistas mantenham suas rotas e entregas em dia, a Savana, concession\u00e1ria Mercedes-Benz que integra a Divis\u00e3o Com\u00e9rcio do Grupo \u00c1guia Branca, por meio [&hellip;]<\/p>\n","protected":false},"author":1,"featured_media":5023,"comment_status":"open","ping_status":"open","sticky":false,"template":"","format":"standard","meta":{"footnotes":""},"categories":[29],"tags":[],"class_list":["post-5022","post","type-post","status-publish","format-standard","has-post-thumbnail","hentry","category-artigos"],"_links":{"self":[{"href":"https:\/\/diarioparanaense.com\/index.php?rest_route=\/wp\/v2\/posts\/5022","targetHints":{"allow":["GET"]}}],"collection":[{"href":"https:\/\/diarioparanaense.com\/index.php?rest_route=\/wp\/v2\/posts"}],"about":[{"href":"https:\/\/diarioparanaense.com\/index.php?rest_route=\/wp\/v2\/types\/post"}],"author":[{"embeddable":true,"href":"https:\/\/diarioparanaense.com\/index.php?rest_route=\/wp\/v2\/users\/1"}],"replies":[{"embeddable":true,"href":"https:\/\/diarioparanaense.com\/index.php?rest_route=%2Fwp%2Fv2%2Fcomments&post=5022"}],"version-history":[{"count":1,"href":"https:\/\/diarioparanaense.com\/index.php?rest_route=\/wp\/v2\/posts\/5022\/revisions"}],"predecessor-version":[{"id":5024,"href":"https:\/\/diarioparanaense.com\/index.php?rest_route=\/wp\/v2\/posts\/5022\/revisions\/5024"}],"wp:featuredmedia":[{"embeddable":true,"href":"https:\/\/diarioparanaense.com\/index.php?rest_route=\/wp\/v2\/media\/5023"}],"wp:attachment":[{"href":"https:\/\/diarioparanaense.com\/index.php?rest_route=%2Fwp%2Fv2%2Fmedia&parent=5022"}],"wp:term":[{"taxonomy":"category","embeddable":true,"href":"https:\/\/diarioparanaense.com\/index.php?rest_route=%2Fwp%2Fv2%2Fcategories&post=5022"},{"taxonomy":"post_tag","embeddable":true,"href":"https:\/\/diarioparanaense.com\/index.php?rest_route=%2Fwp%2Fv2%2Ftags&post=5022"}],"curies":[{"name":"wp","href":"https:\/\/api.w.org\/{rel}","templated":true}]}}