{"id":5013,"date":"2025-09-17T17:02:33","date_gmt":"2025-09-17T20:02:33","guid":{"rendered":"https:\/\/diarioparanaense.com\/?p=5013"},"modified":"2025-09-17T17:02:33","modified_gmt":"2025-09-17T20:02:33","slug":"brincar-conviver-e-criar-caminhos-para-cuidar-da-saude-mental-de-criancas-e-adolescentes","status":"publish","type":"post","link":"https:\/\/diarioparanaense.com\/?p=5013","title":{"rendered":"Brincar, conviver e criar: caminhos para cuidar da sa\u00fade mental de crian\u00e7as e adolescentes"},"content":{"rendered":"\n<p class=\"has-medium-font-size\">Especialistas defendem que arte, jogos e atividades coletivas s\u00e3o aliados importantes para o bem-estar das novas gera\u00e7\u00f5es<\/p>\n\n\n\n<p>No Setembro Amarelo, a sa\u00fade mental das crian\u00e7as e adolescentes ganha destaque nas discuss\u00f5es. O tema, muitas vezes associado apenas ao uso excessivo de telas, \u00e9 mais complexo e exige olhares cuidadosos para os desafios enfrentados pelas novas gera\u00e7\u00f5es.<\/p>\n\n\n\n<p>Para a coordenadora de l\u00edngua portuguesa do Col\u00e9gio Marista Anjo da Guarda, Luci Benevento Serricchio, \u00e9 preciso repensar a forma como sociedade e escola lidam com o assunto. Ela ressalta que, embora o acompanhamento m\u00e9dico e o uso de medicamentos sejam fundamentais em muitos casos, tamb\u00e9m \u00e9 importante considerar alternativas que complementem esse cuidado e contribuam para o bem-estar integral dos estudantes.<\/p>\n\n\n\n<p>\u201cHoje h\u00e1 um n\u00famero significativo de crian\u00e7as que recebem acompanhamento para quest\u00f5es como comportamento, d\u00e9ficit de aten\u00e7\u00e3o, ansiedade, depress\u00e3o e tantas outras situa\u00e7\u00f5es. Esse apoio \u00e9 essencial, mas pode trazer desafios para professores e coordenadores, que precisam lidar com diferentes demandas dentro da sala de aula\u201d, explica.<\/p>\n\n\n\n<p>Segundo ela, alternativas saud\u00e1veis podem estar em pr\u00e1ticas simples, como o esporte, os jogos coletivos e, sobretudo, as manifesta\u00e7\u00f5es art\u00edsticas. \u201cDiferen\u00e7as de gera\u00e7\u00f5es sempre houve, mas a vida muda, a ci\u00eancia progride, a tecnologia avan\u00e7a e as novas gera\u00e7\u00f5es acompanham essa evolu\u00e7\u00e3o\u201d, ressalta.<\/p>\n\n\n\n<p class=\"has-medium-font-size\">A arte como aliada do bem-estar<\/p>\n\n\n\n<p>Atividades como leitura, m\u00fasica, dan\u00e7a, teatro, pintura e cinema estimulam a criatividade, favorecem o autoconhecimento e fortalecem v\u00ednculos afetivos. Para Luci, a arte tem um papel central na promo\u00e7\u00e3o da sa\u00fade mental e no desenvolvimento humano.<\/p>\n\n\n\n<p>A diretora do Col\u00e9gio Marista Anjo da Guarda, Dani Barrichello, refor\u00e7a essa vis\u00e3o ao destacar o poder transformador da arte. \u201c\u00c9 importante fazer a alma pairar na beleza do que move os esp\u00edritos e faz acalm\u00e1-los ou agit\u00e1-los para outras bandas, penso que a Arte cura\u201d, afirma.<\/p>\n\n\n\n<p class=\"has-medium-font-size\">O papel da escola e da fam\u00edlia<\/p>\n\n\n\n<p>A escola pode atuar como espa\u00e7o de conviv\u00eancia e experimenta\u00e7\u00e3o, oferecendo momentos de socializa\u00e7\u00e3o longe das telas e estimulando a imagina\u00e7\u00e3o e a fantasia. Jogos de tabuleiro, brincadeiras tradicionais e esportes coletivos s\u00e3o exemplos de pr\u00e1ticas que fortalecem la\u00e7os e ampliam a sensa\u00e7\u00e3o de pertencimento entre estudantes.<\/p>\n\n\n\n<p>\u2018\u2018A mobiliza\u00e7\u00e3o conjunta de educadores e fam\u00edlias \u00e9 essencial para garantir a forma\u00e7\u00e3o de crian\u00e7as e adolescentes mais saud\u00e1veis, no corpo e na mente\u2019\u2019, finaliza Serricchio.<\/p>\n\n\n\n<p class=\"has-medium-font-size\">Sobre o Marista Brasil<\/p>\n\n\n\n<p>O Col\u00e9gio Marista Anjo da Guarda integra o Marista Brasil, uma rede de col\u00e9gios e escolas presente em 20 estados brasileiros e no Distrito Federal, atendendo mais de 99 mil crian\u00e7as, jovens e adultos em 96 unidades de ensino. Os estudantes recebem forma\u00e7\u00e3o integral, composta pela tradi\u00e7\u00e3o dos valores Maristas e pela excel\u00eancia acad\u00eamica alinhada aos desafios contempor\u00e2neos. Por meio de propostas pedag\u00f3gicas diferenciadas, crian\u00e7as e jovens desenvolvem conhecimento, pensamento cr\u00edtico, autonomia e se tornam mais preparados para viver em uma sociedade em constante transforma\u00e7\u00e3o. Saiba mais em: <a href=\"http:\/\/maristabrasil.org\">maristabrasil.org<\/a>.<\/p>\n\n\n\n<p><\/p>\n","protected":false},"excerpt":{"rendered":"<p>Especialistas defendem que arte, jogos e atividades coletivas s\u00e3o aliados importantes para o bem-estar das novas gera\u00e7\u00f5es No Setembro Amarelo, a sa\u00fade mental das crian\u00e7as e adolescentes ganha destaque nas discuss\u00f5es. O tema, muitas vezes associado apenas ao uso excessivo de telas, \u00e9 mais complexo e exige olhares cuidadosos para os desafios enfrentados pelas novas [&hellip;]<\/p>\n","protected":false},"author":1,"featured_media":5014,"comment_status":"open","ping_status":"open","sticky":false,"template":"","format":"standard","meta":{"footnotes":""},"categories":[29],"tags":[],"class_list":["post-5013","post","type-post","status-publish","format-standard","has-post-thumbnail","hentry","category-artigos"],"_links":{"self":[{"href":"https:\/\/diarioparanaense.com\/index.php?rest_route=\/wp\/v2\/posts\/5013","targetHints":{"allow":["GET"]}}],"collection":[{"href":"https:\/\/diarioparanaense.com\/index.php?rest_route=\/wp\/v2\/posts"}],"about":[{"href":"https:\/\/diarioparanaense.com\/index.php?rest_route=\/wp\/v2\/types\/post"}],"author":[{"embeddable":true,"href":"https:\/\/diarioparanaense.com\/index.php?rest_route=\/wp\/v2\/users\/1"}],"replies":[{"embeddable":true,"href":"https:\/\/diarioparanaense.com\/index.php?rest_route=%2Fwp%2Fv2%2Fcomments&post=5013"}],"version-history":[{"count":1,"href":"https:\/\/diarioparanaense.com\/index.php?rest_route=\/wp\/v2\/posts\/5013\/revisions"}],"predecessor-version":[{"id":5015,"href":"https:\/\/diarioparanaense.com\/index.php?rest_route=\/wp\/v2\/posts\/5013\/revisions\/5015"}],"wp:featuredmedia":[{"embeddable":true,"href":"https:\/\/diarioparanaense.com\/index.php?rest_route=\/wp\/v2\/media\/5014"}],"wp:attachment":[{"href":"https:\/\/diarioparanaense.com\/index.php?rest_route=%2Fwp%2Fv2%2Fmedia&parent=5013"}],"wp:term":[{"taxonomy":"category","embeddable":true,"href":"https:\/\/diarioparanaense.com\/index.php?rest_route=%2Fwp%2Fv2%2Fcategories&post=5013"},{"taxonomy":"post_tag","embeddable":true,"href":"https:\/\/diarioparanaense.com\/index.php?rest_route=%2Fwp%2Fv2%2Ftags&post=5013"}],"curies":[{"name":"wp","href":"https:\/\/api.w.org\/{rel}","templated":true}]}}