{"id":5005,"date":"2025-09-17T16:59:20","date_gmt":"2025-09-17T19:59:20","guid":{"rendered":"https:\/\/diarioparanaense.com\/?p=5005"},"modified":"2025-09-17T16:59:20","modified_gmt":"2025-09-17T19:59:20","slug":"escritorio-curitibano-adota-novo-nome-e-amplia-atuacao-em-areas-estrategicas","status":"publish","type":"post","link":"https:\/\/diarioparanaense.com\/?p=5005","title":{"rendered":"Escrit\u00f3rio curitibano adota novo nome e amplia atua\u00e7\u00e3o em \u00e1reas estrat\u00e9gicas"},"content":{"rendered":"\n<p>O escrit\u00f3rio Machado Valdivieso Advogados inicia um novo cap\u00edtulo em sua trajet\u00f3ria. A partir de setembro, passa a se chamar VKS | Valdivieso Kryminice Silva Advogados, mudan\u00e7a que acompanha a chegada de novos s\u00f3cios e a abertura de frentes em Direito Ambiental e Direito Regulat\u00f3rio. O contencioso tamb\u00e9m ganha peso, tornando-se um dos eixos centrais estrat\u00e9gico.<\/p>\n\n\n\n<p>O reposicionamento dialoga com um movimento mais amplo do mercado jur\u00eddico. Escrit\u00f3rios de m\u00e9dio porte v\u00eam especializando suas \u00e1reas para lidar com demandas cada vez mais complexas \u2014 da infraestrutura \u00e0s disputas ambientais e imobili\u00e1rias.<\/p>\n\n\n\n<p>Na VKS, a lideran\u00e7a ficar\u00e1 a cargo de Patr\u00edcia Valdivieso Hessel, especialista em Direito Urban\u00edstico e Ambiental; Bruno Kryminice, doutor em Direito Ambiental e procurador em Campo Largo (PR); e Everson Lucas da Silva, voltado ao Direito Imobili\u00e1rio, Registral e Patrimonial. Juntos, os s\u00f3cios pretendem consolidar \u00e1reas j\u00e1 conhecidas, como o Imobili\u00e1rio e o Urban\u00edstico, enquanto abrem espa\u00e7o para novas demandas regulat\u00f3rias e ambientais.<\/p>\n\n\n\n<p>Segundo os s\u00f3cios, a ideia \u00e9 unir contencioso estrat\u00e9gico, solu\u00e7\u00f5es preventivas e atua\u00e7\u00e3o pr\u00f3xima aos neg\u00f3cios e governan\u00e7as dos clientes. A proposta inclui ainda uma equipe multidisciplinar, com urbanistas e engenheiros.<\/p>\n\n\n\n<p>O lan\u00e7amento oficial da nova marca est\u00e1 marcado para setembro, quando ser\u00e1 apresentado o posicionamento da VKS diante dos desafios regulat\u00f3rios e de desenvolvimento urbano.<\/p>\n\n\n\n<p>VKS | Valdivieso Kryminice Silva Advogado<\/p>\n\n\n\n<p>Dr. Bruno Kryminice<\/p>\n\n\n\n<p>Dr. Everson Lucas da Silva<\/p>\n\n\n\n<p>Dra. Patr\u00edcia Valdivieso Hessel OAB\/PR50.189<\/p>\n\n\n\n<p>41 3618 0204\/41 98741 8627<\/p>\n\n\n\n<p><a href=\"https:\/\/www.linkedin.com\/company\/vksadvogados\">https:\/\/www.linkedin.com\/company\/vksadvogados<\/a><\/p>\n\n\n\n<p><a href=\"https:\/\/www.instagram.com\/vks_advogados?utm_source=qr&amp;igsh=MWFvb3QxMnBlZGR3dA==\">https:\/\/www.instagram.com\/vks_advogados?utm_source=qr&amp;igsh=MWFvb3QxMnBlZGR3dA==<\/a><\/p>\n\n\n\n<p><a href=\"https:\/\/www.facebook.com\/share\/14DkFUyW8GT\">https:\/\/www.facebook.com\/share\/14DkFUyW8GT<\/a><\/p>\n\n\n\n<p>Av. Anita Garibaldi, 850, torre C, salas 810\/811, Cabral,&nbsp;Curitiba\/PR.<\/p>\n","protected":false},"excerpt":{"rendered":"<p>O escrit\u00f3rio Machado Valdivieso Advogados inicia um novo cap\u00edtulo em sua trajet\u00f3ria. A partir de setembro, passa a se chamar VKS | Valdivieso Kryminice Silva Advogados, mudan\u00e7a que acompanha a chegada de novos s\u00f3cios e a abertura de frentes em Direito Ambiental e Direito Regulat\u00f3rio. O contencioso tamb\u00e9m ganha peso, tornando-se um dos eixos centrais [&hellip;]<\/p>\n","protected":false},"author":1,"featured_media":5009,"comment_status":"open","ping_status":"open","sticky":false,"template":"","format":"standard","meta":{"footnotes":""},"categories":[424],"tags":[],"class_list":["post-5005","post","type-post","status-publish","format-standard","has-post-thumbnail","hentry","category-curitiba"],"_links":{"self":[{"href":"https:\/\/diarioparanaense.com\/index.php?rest_route=\/wp\/v2\/posts\/5005","targetHints":{"allow":["GET"]}}],"collection":[{"href":"https:\/\/diarioparanaense.com\/index.php?rest_route=\/wp\/v2\/posts"}],"about":[{"href":"https:\/\/diarioparanaense.com\/index.php?rest_route=\/wp\/v2\/types\/post"}],"author":[{"embeddable":true,"href":"https:\/\/diarioparanaense.com\/index.php?rest_route=\/wp\/v2\/users\/1"}],"replies":[{"embeddable":true,"href":"https:\/\/diarioparanaense.com\/index.php?rest_route=%2Fwp%2Fv2%2Fcomments&post=5005"}],"version-history":[{"count":1,"href":"https:\/\/diarioparanaense.com\/index.php?rest_route=\/wp\/v2\/posts\/5005\/revisions"}],"predecessor-version":[{"id":5010,"href":"https:\/\/diarioparanaense.com\/index.php?rest_route=\/wp\/v2\/posts\/5005\/revisions\/5010"}],"wp:featuredmedia":[{"embeddable":true,"href":"https:\/\/diarioparanaense.com\/index.php?rest_route=\/wp\/v2\/media\/5009"}],"wp:attachment":[{"href":"https:\/\/diarioparanaense.com\/index.php?rest_route=%2Fwp%2Fv2%2Fmedia&parent=5005"}],"wp:term":[{"taxonomy":"category","embeddable":true,"href":"https:\/\/diarioparanaense.com\/index.php?rest_route=%2Fwp%2Fv2%2Fcategories&post=5005"},{"taxonomy":"post_tag","embeddable":true,"href":"https:\/\/diarioparanaense.com\/index.php?rest_route=%2Fwp%2Fv2%2Ftags&post=5005"}],"curies":[{"name":"wp","href":"https:\/\/api.w.org\/{rel}","templated":true}]}}