{"id":5002,"date":"2025-09-17T16:53:27","date_gmt":"2025-09-17T19:53:27","guid":{"rendered":"https:\/\/diarioparanaense.com\/?p=5002"},"modified":"2025-09-17T16:53:28","modified_gmt":"2025-09-17T19:53:28","slug":"dia-sem-telas-escola-convida-pais-e-filhos-para-redescobrir-sensacoes","status":"publish","type":"post","link":"https:\/\/diarioparanaense.com\/?p=5002","title":{"rendered":"Dia sem telas: escola convida pais e filhos para redescobrir sensa\u00e7\u00f5es"},"content":{"rendered":"\n<p class=\"has-medium-font-size\">Peixinho Dourado completa 45 anos com Dia da Escola com Vida e oficinas sensoriais<\/p>\n\n\n\n<p>Para comemorar seus 45 anos, o Peixinho Dourado Ber\u00e7\u00e1rio e Educa\u00e7\u00e3o Infantil convida todos os curitibanos para o Dia da Escola com Vida, no dia 4 de outubro, das 10h \u00e0s 16h. As atividades s\u00e3o gratuitas e o tema n\u00e3o poderia ser outro: o respeito \u00e0 inf\u00e2ncia.<\/p>\n\n\n\n<p>\u201cSer\u00e1 a oportunidade para constatar tudo que mudou nessas quatro d\u00e9cadas e meia no mundo da educa\u00e7\u00e3o, sempre acompanhando as necessidades dos novos tempos e em profundo respeito \u00e0 inf\u00e2ncia\u201d, conta a diretora do Peixinho Dourado, a pedagoga Marianna Canova.<\/p>\n\n\n\n<p>Na visita, as fam\u00edlias poder\u00e3o brincar com in\u00fameros materiais potentes, capazes de provocar diferentes sensa\u00e7\u00f5es. Haver\u00e1 tamb\u00e9m food trucks e m\u00fasica para passar um dia em festa. E o mais importante: sem telas.<\/p>\n\n\n\n<p>\u201cNo Dia da Escola com Vida, cada sala vai propor uma viv\u00eancia que represente o respeito \u00e0 inf\u00e2ncia. Em uma sala, todo mundo ir\u00e1 montar cabanas; em outra, vai ter pintura, al\u00e9m de espa\u00e7os com jogos e outras situa\u00e7\u00f5es que valorizam a inf\u00e2ncia e o relacionamento\u201d, explica Marianna.<\/p>\n\n\n\n<p>A hist\u00f3ria da escola tamb\u00e9m estar\u00e1 presente, com destaque para a transforma\u00e7\u00e3o pedag\u00f3gica que tornou o Peixinho Dourado um lugar participativo e refer\u00eancia nacional. Al\u00e9m de integrar professores e fam\u00edlias nesse movimento, o Centro de Forma\u00e7\u00e3o Sementes tornou-se um polo para educadores de todo o Brasil, que procuram a escola em busca de orienta\u00e7\u00f5es para iniciar a jornada rumo ao maior respeito \u00e0 inf\u00e2ncia.<\/p>\n\n\n\n<p>Tudo isso ser\u00e1 vis\u00edvel no Dia da Escola com Vida. \u201cQueremos propor um encontro com os 4S: sensa\u00e7\u00e3o, sentimento, sujeira e significado\u201d, brinca Marianna. \u201cA gente precisa dar nome \u00e0s coisas e permitir que a crian\u00e7a passe por processos nem sempre limpinhos, como por exemplo mexer na areia, no fub\u00e1, na argila, e perceber as diferentes sensa\u00e7\u00f5es que esses materiais provocam. Permitir sentir na pele\u201d, explica.<\/p>\n\n\n\n<p>E o que seria uma escola que respeita a inf\u00e2ncia? \u201c\u00c9 uma escola que entende que as emo\u00e7\u00f5es, as sensa\u00e7\u00f5es e os sentimentos que as atividades geram ficam marcados na vida de uma pessoa. Isso \u00e9 ser est\u00e9sico, e n\u00e3o anest\u00e9sico, ou seja, n\u00e3o propomos \u00e0s crian\u00e7as apenas assimilar e reproduzir conhecimentos, mas provocar e realizar suas pr\u00f3prias pesquisas.\u201d<\/p>\n\n\n\n<p>As atividades propostas no dia 4 de outubro buscar\u00e3o ensinar alternativas \u00e0s fam\u00edlias para sair das telas, pois o mundo digital n\u00e3o provoca estesia, e sim nos deixa amortecidos. \u201cNo momento em que voc\u00ea mexe com argila e sente a sensa\u00e7\u00e3o da sujeira, ou quando faz um desenho, ou dan\u00e7a, ou brinca no ch\u00e3o, abre outras oportunidades de aprendizado.\u201d<\/p>\n\n\n\n<p class=\"has-medium-font-size\">SERVI\u00c7O<\/p>\n\n\n\n<p class=\"has-medium-font-size\">Dia da Escola com Vida &#8211; 45 anos de Peixinho Dourado<\/p>\n\n\n\n<p>Dia 4 de outubro, das 10h \u00e0s 16h.<br>Rua Fernando Amaro, 622 &#8211; Alto da XV &#8211; Curitiba<br>Entrada franca<\/p>\n\n\n\n<p><strong>Sobre a escola:<\/strong> O Peixinho Dourado acredita na educa\u00e7\u00e3o infantil como um lugar de descobertas e foi a primeira escola de muitas gera\u00e7\u00f5es desde 1980. Com uma abordagem criativa, com foco nas investiga\u00e7\u00f5es, experi\u00eancias e no desenvolvimento de autonomia e rela\u00e7\u00f5es, a escola e o ber\u00e7\u00e1rio s\u00e3o refer\u00eancia nacional nas abordagens Reggio Em\u00edlia e Pikler, respectivamente. Com sede no Alto da XV em Curitiba, recebe e acolhe crian\u00e7as de 4 meses a 6 anos em um ambiente t\u00e3o estimulante quanto seguro, com ateli\u00eas e espa\u00e7os que incentivam o pertencimento e as descobertas. Por meio do cuidado atencioso, alimenta\u00e7\u00e3o saud\u00e1vel e liberdade de transitar entre assuntos que despertam a curiosidade t\u00edpica das crian\u00e7as, o dia a dia no Peixinho \u00e9 repleto de crescimento para todas\u00a0as\u00a0idades.<\/p>\n","protected":false},"excerpt":{"rendered":"<p>Peixinho Dourado completa 45 anos com Dia da Escola com Vida e oficinas sensoriais Para comemorar seus 45 anos, o Peixinho Dourado Ber\u00e7\u00e1rio e Educa\u00e7\u00e3o Infantil convida todos os curitibanos para o Dia da Escola com Vida, no dia 4 de outubro, das 10h \u00e0s 16h. As atividades s\u00e3o gratuitas e o tema n\u00e3o poderia [&hellip;]<\/p>\n","protected":false},"author":1,"featured_media":5003,"comment_status":"open","ping_status":"open","sticky":false,"template":"","format":"standard","meta":{"footnotes":""},"categories":[186],"tags":[],"class_list":["post-5002","post","type-post","status-publish","format-standard","has-post-thumbnail","hentry","category-eventos"],"_links":{"self":[{"href":"https:\/\/diarioparanaense.com\/index.php?rest_route=\/wp\/v2\/posts\/5002","targetHints":{"allow":["GET"]}}],"collection":[{"href":"https:\/\/diarioparanaense.com\/index.php?rest_route=\/wp\/v2\/posts"}],"about":[{"href":"https:\/\/diarioparanaense.com\/index.php?rest_route=\/wp\/v2\/types\/post"}],"author":[{"embeddable":true,"href":"https:\/\/diarioparanaense.com\/index.php?rest_route=\/wp\/v2\/users\/1"}],"replies":[{"embeddable":true,"href":"https:\/\/diarioparanaense.com\/index.php?rest_route=%2Fwp%2Fv2%2Fcomments&post=5002"}],"version-history":[{"count":1,"href":"https:\/\/diarioparanaense.com\/index.php?rest_route=\/wp\/v2\/posts\/5002\/revisions"}],"predecessor-version":[{"id":5004,"href":"https:\/\/diarioparanaense.com\/index.php?rest_route=\/wp\/v2\/posts\/5002\/revisions\/5004"}],"wp:featuredmedia":[{"embeddable":true,"href":"https:\/\/diarioparanaense.com\/index.php?rest_route=\/wp\/v2\/media\/5003"}],"wp:attachment":[{"href":"https:\/\/diarioparanaense.com\/index.php?rest_route=%2Fwp%2Fv2%2Fmedia&parent=5002"}],"wp:term":[{"taxonomy":"category","embeddable":true,"href":"https:\/\/diarioparanaense.com\/index.php?rest_route=%2Fwp%2Fv2%2Fcategories&post=5002"},{"taxonomy":"post_tag","embeddable":true,"href":"https:\/\/diarioparanaense.com\/index.php?rest_route=%2Fwp%2Fv2%2Ftags&post=5002"}],"curies":[{"name":"wp","href":"https:\/\/api.w.org\/{rel}","templated":true}]}}