{"id":5001,"date":"2025-09-17T17:00:26","date_gmt":"2025-09-17T20:00:26","guid":{"rendered":"https:\/\/diarioparanaense.com\/?p=5001"},"modified":"2025-09-17T17:00:26","modified_gmt":"2025-09-17T20:00:26","slug":"40-anos-em-40-dias-chef-verge-comemora-quatro-decadas-com-campanha-especial","status":"publish","type":"post","link":"https:\/\/diarioparanaense.com\/?p=5001","title":{"rendered":"40 anos em 40 dias: Chef Verg\u00e9 comemora quatro d\u00e9cadas com campanha especial"},"content":{"rendered":"\n<p>Um dos nomes mais tradicionais da gastronomia curitibana est\u00e1 em festa. O Chef Verg\u00e9 completa 40 anos de hist\u00f3ria em 2025 e celebra a data com diversas novidades que prometem movimentar a cidade entre 15 de setembro e 25 de outubro.<\/p>\n\n\n\n<p>Entre as atra\u00e7\u00f5es, est\u00e1 a Raspadinha de Anivers\u00e1rio: a cada R$40 em compras, o cliente recebe uma raspadinha que pode render pr\u00eamios instant\u00e2neos. Al\u00e9m disso, os aniversariantes ganham um presente exclusivo \u2014 uma das op\u00e7\u00f5es da categoria Sobremesas do Chef, \u00e0 escolha do cliente.<\/p>\n\n\n\n<p class=\"has-medium-font-size\">Tradi\u00e7\u00e3o e futuro<\/p>\n\n\n\n<p>Para a marca, as comemora\u00e7\u00f5es representam mais do que uma data simb\u00f3lica. Segundo Roberto Campolim, s\u00f3cio do Chef Verg\u00e9, trata-se de uma forma de valorizar a hist\u00f3ria constru\u00edda em Curitiba e, ao mesmo tempo, olhar para os pr\u00f3ximos anos:<\/p>\n\n\n\n<p>\u201cO Chef Verg\u00e9 \u00e9 parte da mem\u00f3ria afetiva da cidade. Queremos celebrar essa trajet\u00f3ria e, ao mesmo tempo, projetar a marca para o futuro. Esses 40 anos representam a consolida\u00e7\u00e3o de um novo ciclo, em que o Chef Verg\u00e9 volta ao protagonismo da gastronomia\u201d, destaca Campolim.<\/p>\n\n\n\n<p>Atualmente, a rede conta com seis unidades em Curitiba e uma em S\u00e3o Paulo, no Shopping Ibirapuera. Al\u00e9m disso, uma nova unidade deve ser inaugurada em Santa Catarina ainda durante a campanha comemorativa.<\/p>\n\n\n\n<p class=\"has-medium-font-size\">Servic\u0327o: Chef Verg\u00e9<\/p>\n\n\n\n<p>Roberto Campolim \u2013 Expans\u00e3o e Franquias<\/p>\n\n\n\n<p>Telefone: (41) 99757-0042 \/ expans\u00e3o@chefverge.com.br<\/p>\n\n\n\n<p>Marketing Chef Verg\u00e9<\/p>\n\n\n\n<p>Telefone: (41) 99602-3653 \/ marketing@chefverge.com.br<\/p>\n\n\n\n<p>Redes Sociais: @chefverge.oficial<\/p>\n\n\n\n<p>Site: <a href=\"http:\/\/www.chefverge.com.br\">www.chefverge.com.br<\/a><\/p>\n","protected":false},"excerpt":{"rendered":"<p>Um dos nomes mais tradicionais da gastronomia curitibana est\u00e1 em festa. O Chef Verg\u00e9 completa 40 anos de hist\u00f3ria em 2025 e celebra a data com diversas novidades que prometem movimentar a cidade entre 15 de setembro e 25 de outubro. Entre as atra\u00e7\u00f5es, est\u00e1 a Raspadinha de Anivers\u00e1rio: a cada R$40 em compras, o [&hellip;]<\/p>\n","protected":false},"author":1,"featured_media":5011,"comment_status":"open","ping_status":"open","sticky":false,"template":"","format":"standard","meta":{"footnotes":""},"categories":[338],"tags":[],"class_list":["post-5001","post","type-post","status-publish","format-standard","has-post-thumbnail","hentry","category-gastronomia"],"_links":{"self":[{"href":"https:\/\/diarioparanaense.com\/index.php?rest_route=\/wp\/v2\/posts\/5001","targetHints":{"allow":["GET"]}}],"collection":[{"href":"https:\/\/diarioparanaense.com\/index.php?rest_route=\/wp\/v2\/posts"}],"about":[{"href":"https:\/\/diarioparanaense.com\/index.php?rest_route=\/wp\/v2\/types\/post"}],"author":[{"embeddable":true,"href":"https:\/\/diarioparanaense.com\/index.php?rest_route=\/wp\/v2\/users\/1"}],"replies":[{"embeddable":true,"href":"https:\/\/diarioparanaense.com\/index.php?rest_route=%2Fwp%2Fv2%2Fcomments&post=5001"}],"version-history":[{"count":1,"href":"https:\/\/diarioparanaense.com\/index.php?rest_route=\/wp\/v2\/posts\/5001\/revisions"}],"predecessor-version":[{"id":5012,"href":"https:\/\/diarioparanaense.com\/index.php?rest_route=\/wp\/v2\/posts\/5001\/revisions\/5012"}],"wp:featuredmedia":[{"embeddable":true,"href":"https:\/\/diarioparanaense.com\/index.php?rest_route=\/wp\/v2\/media\/5011"}],"wp:attachment":[{"href":"https:\/\/diarioparanaense.com\/index.php?rest_route=%2Fwp%2Fv2%2Fmedia&parent=5001"}],"wp:term":[{"taxonomy":"category","embeddable":true,"href":"https:\/\/diarioparanaense.com\/index.php?rest_route=%2Fwp%2Fv2%2Fcategories&post=5001"},{"taxonomy":"post_tag","embeddable":true,"href":"https:\/\/diarioparanaense.com\/index.php?rest_route=%2Fwp%2Fv2%2Ftags&post=5001"}],"curies":[{"name":"wp","href":"https:\/\/api.w.org\/{rel}","templated":true}]}}