{"id":4992,"date":"2025-09-17T16:42:13","date_gmt":"2025-09-17T19:42:13","guid":{"rendered":"https:\/\/diarioparanaense.com\/?p=4992"},"modified":"2025-09-17T16:42:14","modified_gmt":"2025-09-17T19:42:14","slug":"liphe-protagoniza-turne-glam-o-musical","status":"publish","type":"post","link":"https:\/\/diarioparanaense.com\/?p=4992","title":{"rendered":"LIPHE protagoniza turn\u00ea \u2018GLAM \u2013 O Musical\u2019"},"content":{"rendered":"\n<p class=\"has-medium-font-size\">Musical premiado com o Bibi Ferreira de Melhor Letra\/M\u00fasica retorna com nova montagem, elenco e mensagem poderosa sobre recome\u00e7os, arte e protagonismo<\/p>\n\n\n\n<p>O cantor, compositor e ator LIPHE, natural de Curitiba (PR), est\u00e1 de volta aos palcos com a nova turn\u00ea de \u201cGLAM \u2013 O Musical\u201d, espet\u00e1culo que conquistou o p\u00fablico nas temporadas de 2022 e 2023 e levou o pr\u00eamio Bibi Ferreira de Melhor Letra\/M\u00fasica. Agora, gra\u00e7as ao apoio do edital de circula\u00e7\u00e3o do SESI, o musical inicia sua trajet\u00f3ria por S\u00e3o Paulo, levando emo\u00e7\u00e3o, brilho e representatividade para diferentes cidades do estado.<\/p>\n\n\n\n<p>Com um novo elenco, cenografia renovada, figurinos in\u00e9ditos e cenas que trazem ainda mais profundidade \u00e0 narrativa, a turn\u00ea marca uma fase especial na carreira de LIPHE. &#8220;GLAM chegou no momento certo da minha vida. Poder circular com esse espet\u00e1culo \u00e9 um sonho que parecia distante. Viver da arte nem sempre foi palp\u00e1vel pra mim, mas hoje \u00e9 realidade&#8221;, afirma o artista.<br>Sobre o musical<\/p>\n\n\n\n<p>Em \u201cGLAM \u2013 O Musical\u201d, LIPHE interpreta Dante, uma pessoa humilde que, em busca de um recome\u00e7o, encontra abrigo e transforma\u00e7\u00e3o nos bastidores de uma boate LGBTQIAP+. A hist\u00f3ria de Dante \u00e9 sobre erros, recome\u00e7os, aprendizados e supera\u00e7\u00e3o \u2013 com muito brilho e sem jamais \u201cdescer do salto\u201d.<br>\u201c\u00c9 na boate GLAM que Dante aprende a dar a volta por cima. E, de certa forma, eu tamb\u00e9m. Subir ao palco com esse personagem \u00e9 viver minha pr\u00f3pria trajet\u00f3ria art\u00edstica de supera\u00e7\u00e3o\u201d, conta LIPHE.<br>Elenco e equipe<\/p>\n\n\n\n<p>A nova montagem conta com talentos que, assim como o LIPHE, representam a pot\u00eancia da arte fora dos grandes centros. Fhilipe Gislon (tamb\u00e9m do Sul do Brasil) e Bettina Bapp se juntam ao elenco, contribuindo para um espet\u00e1culo ainda mais diverso, vibrante e aut\u00eantico. A cria\u00e7\u00e3o e atua\u00e7\u00e3o s\u00e3o assinadas por Mau Alves. O elenco \u00e9 formado por Julia Morganti, Am\u00e9lia Gumes, Ester Elias, Wand Barbosa, Bettina Bapp, Fhilipe Gislon e Andressa Secchin.<\/p>\n\n\n\n<p>Setlist premiado e nova roupagem<br>Apesar das mudan\u00e7as visuais e c\u00eanicas, o repert\u00f3rio musical segue com as can\u00e7\u00f5es que emocionaram plateias nas primeiras temporadas. As composi\u00e7\u00f5es, que conquistaram o j\u00fari do Pr\u00eamio Bibi Ferreira, permanecem no centro da experi\u00eancia, agora com novos arranjos vocais e uma entrega ainda mais intensa do elenco.<br>Processo criativo e ensaios<br>Com uma rotina intensa de prepara\u00e7\u00e3o, LIPHE e a equipe mergulharam em ensaios vocais e c\u00eanicos. \u201cTem sido gratificante trabalhar com pessoas t\u00e3o talentosas e cheias de luz. Isso me coloca num lugar de protagonismo que nem sempre foi ocupado por artistas pretos. \u00c9 muito simb\u00f3lico estar aqui hoje\u201d, destaca.<\/p>\n\n\n\n<p class=\"has-medium-font-size\">Emo\u00e7\u00e3o na estrada<\/p>\n\n\n\n<p>Com passagens marcadas por diversas cidades, a turn\u00ea \u00e9 tamb\u00e9m uma oportunidade de reencontro com o p\u00fablico e de troca com novas culturas e comunidades. \u201cEu amo fazer turn\u00ea. Cada cidade tem um sabor \u00fanico. Estou especialmente animado para voltar a Bel\u00e9m do Par\u00e1, onde encerrei um projeto anterior e vivi momentos inesquec\u00edveis. Foi l\u00e1 que entendi at\u00e9 onde a arte pode me levar\u201d, relembra.<br>Um momento de afirma\u00e7\u00e3o<br>A nova fase da carreira de LIPHE Camargo \u00e9 marcada por maturidade art\u00edstica, autoconhecimento e for\u00e7a criativa. \u201cTem sido um processo terap\u00eautico. Criar espa\u00e7os de protagonismo sendo um artista preto e LGBTQIAP+ \u00e9 algo muito poderoso. Hoje, mais do que nunca, eu subo ao palco com verdade, com orgulho, e com vontade de mostrar tudo o que sou capaz\u201d.<\/p>\n\n\n\n<p><strong>Servi\u00e7o<\/strong><br>GLAM \u2013 O Musical<\/p>\n","protected":false},"excerpt":{"rendered":"<p>Musical premiado com o Bibi Ferreira de Melhor Letra\/M\u00fasica retorna com nova montagem, elenco e mensagem poderosa sobre recome\u00e7os, arte e protagonismo O cantor, compositor e ator LIPHE, natural de Curitiba (PR), est\u00e1 de volta aos palcos com a nova turn\u00ea de \u201cGLAM \u2013 O Musical\u201d, espet\u00e1culo que conquistou o p\u00fablico nas temporadas de 2022 [&hellip;]<\/p>\n","protected":false},"author":1,"featured_media":4993,"comment_status":"open","ping_status":"open","sticky":false,"template":"","format":"standard","meta":{"footnotes":""},"categories":[24,27],"tags":[],"class_list":["post-4992","post","type-post","status-publish","format-standard","has-post-thumbnail","hentry","category-artes","category-musica"],"_links":{"self":[{"href":"https:\/\/diarioparanaense.com\/index.php?rest_route=\/wp\/v2\/posts\/4992","targetHints":{"allow":["GET"]}}],"collection":[{"href":"https:\/\/diarioparanaense.com\/index.php?rest_route=\/wp\/v2\/posts"}],"about":[{"href":"https:\/\/diarioparanaense.com\/index.php?rest_route=\/wp\/v2\/types\/post"}],"author":[{"embeddable":true,"href":"https:\/\/diarioparanaense.com\/index.php?rest_route=\/wp\/v2\/users\/1"}],"replies":[{"embeddable":true,"href":"https:\/\/diarioparanaense.com\/index.php?rest_route=%2Fwp%2Fv2%2Fcomments&post=4992"}],"version-history":[{"count":1,"href":"https:\/\/diarioparanaense.com\/index.php?rest_route=\/wp\/v2\/posts\/4992\/revisions"}],"predecessor-version":[{"id":4994,"href":"https:\/\/diarioparanaense.com\/index.php?rest_route=\/wp\/v2\/posts\/4992\/revisions\/4994"}],"wp:featuredmedia":[{"embeddable":true,"href":"https:\/\/diarioparanaense.com\/index.php?rest_route=\/wp\/v2\/media\/4993"}],"wp:attachment":[{"href":"https:\/\/diarioparanaense.com\/index.php?rest_route=%2Fwp%2Fv2%2Fmedia&parent=4992"}],"wp:term":[{"taxonomy":"category","embeddable":true,"href":"https:\/\/diarioparanaense.com\/index.php?rest_route=%2Fwp%2Fv2%2Fcategories&post=4992"},{"taxonomy":"post_tag","embeddable":true,"href":"https:\/\/diarioparanaense.com\/index.php?rest_route=%2Fwp%2Fv2%2Ftags&post=4992"}],"curies":[{"name":"wp","href":"https:\/\/api.w.org\/{rel}","templated":true}]}}