{"id":4991,"date":"2025-09-17T16:45:14","date_gmt":"2025-09-17T19:45:14","guid":{"rendered":"https:\/\/diarioparanaense.com\/?p=4991"},"modified":"2025-09-17T16:45:14","modified_gmt":"2025-09-17T19:45:14","slug":"alvorada-nay-porttela-e-o-novo-olhar-da-mpb","status":"publish","type":"post","link":"https:\/\/diarioparanaense.com\/?p=4991","title":{"rendered":"Alvorada: Nay Porttela e o Novo Olhar da MPB"},"content":{"rendered":"\n<p><strong>Ou\u00e7a aqui \u201cAlvorada\u201d:&nbsp;<a href=\"https:\/\/onerpm.link\/alvorada_nayporttela\" target=\"_blank\" rel=\"noreferrer noopener\">https:\/\/onerpm.link\/alvorada_nayporttela<\/a><\/strong><\/p>\n\n\n\n<p>Numa era marcada por IA, Nay Porttela surge como quem abre as janelas ao amanhecer e deixa a luz entrar. Seu novo \u00e1lbum, Alvorada, que chega ao mundo e j\u00e1 est\u00e1 nas plataformas digitais, \u00e9 exatamente isso: um respiro. Um nascer do sol em forma de m\u00fasica.<\/p>\n\n\n\n<p>Depois de dois discos de releituras e dois de composi\u00e7\u00f5es autorais, Nay Porttela d\u00e1 continuidade a uma trajet\u00f3ria que dialoga com a sofistica\u00e7\u00e3o da MPB. Em Alvorada, ela entrega seu trabalho mais maduro, mais \u00edntimo e, ao mesmo tempo, mais conectado com outras culturas e linguagens. O disco \u00e9 constru\u00eddo com aten\u00e7\u00e3o minuciosa \u00e0s pausas e um profundo estudo de texturas, ritmos e timbres que atravessam a bossa nova, o samba, o jazz e a m\u00fasica regional do interior do Brasil. Piano, viol\u00e3o e viola sustentam arranjos que n\u00e3o apenas acompanham a voz, mas ajudam a criar espa\u00e7os de escuta com emo\u00e7\u00e3o e inten\u00e7\u00e3o. Alvorada convida o ouvinte a mergulhar em um tempo mais lento, onde cada acorde carrega cultura, hist\u00f3ria e significado.<\/p>\n\n\n\n<p>A travessia emocional come\u00e7a com \u201cDoce&nbsp;\u7518\u3044\u201d, uma colabora\u00e7\u00e3o transcontinental com a artista japonesa Yuga. Lan\u00e7ada em fevereiro, a faixa cruza samba e minimalismo japon\u00eas, como se Tom Jobim encontrasse Ryuichi Sakamoto em uma tarde de contempla\u00e7\u00e3o. A percuss\u00e3o brasileira anda de m\u00e3os dadas com synths et\u00e9reos, criando uma ponte sonora entre culturas que compartilham a leveza como valor. O resultado? Uma medita\u00e7\u00e3o em forma de can\u00e7\u00e3o com mixagem de Jo\u00e3o Milliet, e marcada por texturas aquosas e precis\u00e3o est\u00e9tica.<\/p>\n\n\n\n<p>Depois vem \u201cInverno Sem Ver\u00e3o\u201d, que nasce de uma parceria com os compositores Juan Max, Alan Souza, Diego Naza e Anderson Ovo, onde Nay canta o fim de um amor com a delicadeza de quem conhece a dor, mas se recusa a dramatiz\u00e1-la. Com produ\u00e7\u00e3o pr\u00f3pria de Nay Porttela e mix de Luciano Portela, a faixa cria uma atmosfera de melancolia sem excessos, embalando o ouvinte em um lamento bonito e preciso, como s\u00f3 a saudade sabe ser.<\/p>\n\n\n\n<p>Em \u201cSeu Dengo\u201d, o afeto reaparece em forma de reencontro. Percuss\u00f5es afro-brasileiras, sintetizadores suaves e o viol\u00e3o embalam uma letra que fala sobre voltar a sentir e se permitir ser cuidado. Uma parceria com os compositores Anderson Rodrigues Santos, Eduardo Gama Ferreira, F\u00e1bio Santos de Sousa e Pedro Couto. Com mixagem de Jo\u00e3o Milliet, a can\u00e7\u00e3o \u00e9 uma das mais solares do disco, e tamb\u00e9m uma das mais modernas na fus\u00e3o de org\u00e2nico e eletr\u00f4nico.<\/p>\n\n\n\n<p>Em \u201cSempre Vou Te Amar\u201d a delicadeza da viola de Rafael Eloy dialoga com o piano e os sinos tocados por Nay Porttela, criando uma atmosfera org\u00e2nica e intimista. A faixa evoca a tradi\u00e7\u00e3o dos sinos presentes na Marcha Nupcial de Mendelssohn, s\u00edmbolo universal dos casamentos. Mais que uma can\u00e7\u00e3o, \u00e9 uma ode a esses votos sagrados, reverberando a emo\u00e7\u00e3o e a profundidade dos la\u00e7os que atravessam o tempo.<\/p>\n\n\n\n<p>Fechando os singles antes do lan\u00e7amento, temos \u201cRio\u201d, talvez o retrato mais fiel do que Alvorada representa. Uma bossa nova contempor\u00e2nea, com bateria de Marco da Costa, que participou do primeiro \u00e1lbum de Maria Rita, premiado com dois Grammys Latinos em 2004 nas categorias Melhor Artista Revela\u00e7\u00e3o e Melhor \u00c1lbum de MPB. Voz suave, viol\u00e3o sincopado e sintetizadores fazendo a famosa cama, em um equil\u00edbrio raro entre o cl\u00e1ssico e o novo. Como se o conforto da MPB ganhasse um filtro do futuro.<\/p>\n\n\n\n<p>A est\u00e9tica de Alvorada n\u00e3o se revela apenas no som, mas tamb\u00e9m no olhar. A dire\u00e7\u00e3o visual de Rodolfo Ruben acompanha todo o projeto com uma sensibilidade rara. O ensaio aconteceu na hist\u00f3rica cidade de Goi\u00e1s, Patrim\u00f4nio Mundial da UNESCO, cuja beleza e cultura refor\u00e7am a est\u00e9tica \u00fanica de Alvorada. Cada faixa ganha um universo pr\u00f3prio, alinhado ao minimalismo e \u00e0 sensibilidade que marcam o trabalho de Nay Porttela. As imagens capturam a artista em cen\u00e1rios naturais de Goi\u00e1s como o Rio Vermelho, refor\u00e7ando a ideia de renascimento e entrega que percorre as faixas do \u00e1lbum. Rodolfo Ruben n\u00e3o ilustra, ele escuta e transforma cada imagem em continuidade da m\u00fasica.<\/p>\n\n\n\n<p>Durante o processo de cria\u00e7\u00e3o de Alvorada, Nay Porttela tamb\u00e9m assinou todo o figurino usado nos ensaios visuais do projeto, colocando em pr\u00e1tica sua forma\u00e7\u00e3o em Design de Moda. \u201cA moda sempre foi, para mim, uma forma de me comunicar e expressar. Eu modelo, corto e costuro todos os meus figurinos de shows para transmitir, atrav\u00e9s do visual, uma experi\u00eancia que vai al\u00e9m da m\u00fasica\u201d, conta Nay. Em Alvorada, essa conex\u00e3o entre som e imagem aparece de forma ainda mais sens\u00edvel, refor\u00e7ando o conceito de presen\u00e7a, leveza e identidade que atravessa todo o \u00e1lbum.<\/p>\n\n\n\n<p>Alvorada n\u00e3o \u00e9 apenas um disco de m\u00fasica \u00e9 sobre encontrar equil\u00edbrio no caos da vida moderna entre relacionamentos, paix\u00f5es, despedidas, mudan\u00e7as, recome\u00e7os e o autoconhecimento. Sobre se olhar. Sobre transformar o caos em calmaria com a m\u00fasica como guia.<\/p>\n\n\n\n<p>Al\u00e9m de Alvorada, Nay prepara tr\u00eas projetos paralelos para 2026: uma interpreta\u00e7\u00e3o intimista de Caetano Veloso em piano e voz; um mergulho na bossa nova, revisitando m\u00fasicas que marcaram sua ess\u00eancia; e o projeto intitulado Interior, onde ela revisita can\u00e7\u00f5es do seu universo musical pessoal.<\/p>\n\n\n\n<p>Alvorada nos convida a conhecer esta artista, que acende a luz para uma nova escuta da cultura contempor\u00e2nea com suavidade e certeza.<\/p>\n\n\n\n<p><img decoding=\"async\" alt=\"\ud83d\udcc5\" src=\"https:\/\/fonts.gstatic.com\/s\/e\/notoemoji\/16.0\/1f4c5\/32.png\">&nbsp;Data de Lan\u00e7amento: 12 de agosto de 2025<\/p>\n\n\n\n<p>\u00c1lbum completo:&nbsp;<a href=\"https:\/\/www.youtube.com\/watch?v=3eDRw018YBU\" target=\"_blank\" rel=\"noreferrer noopener\">https:\/\/www.youtube.com\/watch?v=3eDRw018YBU<\/a><\/p>\n\n\n\n<p><img decoding=\"async\" alt=\"\ud83d\udd17\" src=\"https:\/\/fonts.gstatic.com\/s\/e\/notoemoji\/16.0\/1f517\/32.png\">&nbsp;<a href=\"http:\/\/www.nayporttela.com.br\/\" target=\"_blank\" rel=\"noreferrer noopener\">www.nayporttela.com.br<\/a><\/p>\n\n\n\n<p><img decoding=\"async\" alt=\"\ud83d\udcf1\" src=\"https:\/\/fonts.gstatic.com\/s\/e\/notoemoji\/16.0\/1f4f1\/32.png\">&nbsp;Instagram:&nbsp;<a href=\"https:\/\/www.instagram.com\/nayporttela\/\" target=\"_blank\" rel=\"noreferrer noopener\">https:\/\/www.instagram.com\/nayporttela\/<\/a><\/p>\n\n\n\n<p><img decoding=\"async\" alt=\"\ud83d\udcfa\" src=\"https:\/\/fonts.gstatic.com\/s\/e\/notoemoji\/16.0\/1f4fa\/32.png\">&nbsp;YouTube:&nbsp;<a href=\"https:\/\/youtube.com\/nayporttela\" target=\"_blank\" rel=\"noreferrer noopener\">https:\/\/youtube.com\/nayporttela<\/a><\/p>\n\n\n\n<p><img decoding=\"async\" alt=\"\ud83c\udfa7\" src=\"https:\/\/fonts.gstatic.com\/s\/e\/notoemoji\/16.0\/1f3a7\/32.png\">&nbsp;Ou\u00e7a:&nbsp;<a href=\"https:\/\/onerpm.link\/alvorada_nayporttela\" target=\"_blank\" rel=\"noreferrer noopener\">https:\/\/onerpm.link\/alvorada_nayporttela<\/a><\/p>\n\n\n\n<p><img decoding=\"async\" alt=\"\ud83d\udcec\" src=\"https:\/\/fonts.gstatic.com\/s\/e\/notoemoji\/16.0\/1f4ec\/32.png\">&nbsp;Comunidade NAY PORTTELA:&nbsp;<a href=\"https:\/\/www.nayporttela.com.br\/comunidade\" target=\"_blank\" rel=\"noreferrer noopener\">https:\/\/www.nayporttela.com.br\/comunidade<\/a><\/p>\n","protected":false},"excerpt":{"rendered":"<p>Ou\u00e7a aqui \u201cAlvorada\u201d:&nbsp;https:\/\/onerpm.link\/alvorada_nayporttela Numa era marcada por IA, Nay Porttela surge como quem abre as janelas ao amanhecer e deixa a luz entrar. Seu novo \u00e1lbum, Alvorada, que chega ao mundo e j\u00e1 est\u00e1 nas plataformas digitais, \u00e9 exatamente isso: um respiro. Um nascer do sol em forma de m\u00fasica. Depois de dois discos de [&hellip;]<\/p>\n","protected":false},"author":1,"featured_media":4995,"comment_status":"open","ping_status":"open","sticky":false,"template":"","format":"standard","meta":{"footnotes":""},"categories":[27],"tags":[],"class_list":["post-4991","post","type-post","status-publish","format-standard","has-post-thumbnail","hentry","category-musica"],"_links":{"self":[{"href":"https:\/\/diarioparanaense.com\/index.php?rest_route=\/wp\/v2\/posts\/4991","targetHints":{"allow":["GET"]}}],"collection":[{"href":"https:\/\/diarioparanaense.com\/index.php?rest_route=\/wp\/v2\/posts"}],"about":[{"href":"https:\/\/diarioparanaense.com\/index.php?rest_route=\/wp\/v2\/types\/post"}],"author":[{"embeddable":true,"href":"https:\/\/diarioparanaense.com\/index.php?rest_route=\/wp\/v2\/users\/1"}],"replies":[{"embeddable":true,"href":"https:\/\/diarioparanaense.com\/index.php?rest_route=%2Fwp%2Fv2%2Fcomments&post=4991"}],"version-history":[{"count":1,"href":"https:\/\/diarioparanaense.com\/index.php?rest_route=\/wp\/v2\/posts\/4991\/revisions"}],"predecessor-version":[{"id":4996,"href":"https:\/\/diarioparanaense.com\/index.php?rest_route=\/wp\/v2\/posts\/4991\/revisions\/4996"}],"wp:featuredmedia":[{"embeddable":true,"href":"https:\/\/diarioparanaense.com\/index.php?rest_route=\/wp\/v2\/media\/4995"}],"wp:attachment":[{"href":"https:\/\/diarioparanaense.com\/index.php?rest_route=%2Fwp%2Fv2%2Fmedia&parent=4991"}],"wp:term":[{"taxonomy":"category","embeddable":true,"href":"https:\/\/diarioparanaense.com\/index.php?rest_route=%2Fwp%2Fv2%2Fcategories&post=4991"},{"taxonomy":"post_tag","embeddable":true,"href":"https:\/\/diarioparanaense.com\/index.php?rest_route=%2Fwp%2Fv2%2Ftags&post=4991"}],"curies":[{"name":"wp","href":"https:\/\/api.w.org\/{rel}","templated":true}]}}