{"id":4990,"date":"2025-09-17T16:47:58","date_gmt":"2025-09-17T19:47:58","guid":{"rendered":"https:\/\/diarioparanaense.com\/?p=4990"},"modified":"2025-09-17T16:47:58","modified_gmt":"2025-09-17T19:47:58","slug":"nilton-bobato-lanca-e-proibido-falar-mal-de-deus","status":"publish","type":"post","link":"https:\/\/diarioparanaense.com\/?p=4990","title":{"rendered":"Nilton Bobato lan\u00e7a \u201c\u00c9 proibido falar mal de Deus\u201d"},"content":{"rendered":"\n<p class=\"has-medium-font-size\">Nova obra do escritor paranaense re\u00fane contos dist\u00f3picos que abordam religi\u00e3o, pol\u00edtica e quest\u00f5es sociais<\/p>\n\n\n\n<p>Um Brasil tomado por grupos paramilitares, um professor que tenta provar a inexist\u00eancia de Deus e um Conselho Celestial com Cristo, Maom\u00e9, Buda, Oxal\u00e1 e at\u00e9 o dem\u00f4nio para decidir o destino da humanidade. Este \u00e9 o cen\u00e1rio de \u201c\u00c9 proibido falar mal de Deus: prosa quase dist\u00f3pica\u201d, novo livro do escritor e ex-vice-prefeito de Foz do Igua\u00e7u, Nilton Bobato. O lan\u00e7amento pela Art\u00eara, selo da editora Appris, ter\u00e1 sess\u00e3o de aut\u00f3grafos em Curitiba, na Livraria Telaranha.<\/p>\n\n\n\n<p>O livro se divide em tr\u00eas s\u00e9ries de contos e a narrativa mistura fic\u00e7\u00e3o e fatos inspirados na realidade, abordando temas como pol\u00edtica, religi\u00e3o, direitos humanos e rela\u00e7\u00f5es afetivas, em um tom que o autor classifica como antifascista, antirracista e antihomof\u00f3bico. \u201c\u00c9 uma distopia que seria fic\u00e7\u00e3o se n\u00e3o fosse t\u00e3o real. N\u00e3o escrevi para servir a uma causa, mas porque esses temas surgiram naturalmente com os personagens\u201d, afirma Bobato.<\/p>\n\n\n\n<p>A est\u00e9tica liter\u00e1ria da obra chama aten\u00e7\u00e3o. Cada bloco de contos \u00e9 introduzido por um decreto fict\u00edcio, inspirado nos ataques de 8 de janeiro de 2023, que cria um efeito cont\u00ednuo de tens\u00e3o narrativa. Os di\u00e1logos misturam as vozes do narrador e das personagens, sem travess\u00f5es ou aspas, desafiando o leitor a identificar quem fala. \u201cA ideia \u00e9 causar um efeito para al\u00e9m da leitura individual de cada conto. O leitor vai viver tens\u00f5es em sequ\u00eancia, como se fosse um romance com v\u00e1rios n\u00facleos com seus protagonistas espec\u00edficos\u201d, explica o autor.<\/p>\n\n\n\n<p>O livro conta com pref\u00e1cio do romancista e reitor da Universidade Estadual de Ponta Grossa (UEPG), Miguel Sanches Neto; apresenta\u00e7\u00e3o de Joane Vilela, doutora em Educa\u00e7\u00e3o pela Universidade do Estado de S\u00e3o Paulo (Unesp); e segunda orelha assinada pelo premiado escritor portugu\u00eas Jos\u00e9 Lu\u00eds Peixoto.<\/p>\n\n\n\n<p>Diagnosticado com Parkinson em 2018, Nilton Bobato encara a literatura como forma de resist\u00eancia e de vida. Atualmente, cursa Mestrado em Literatura Comparada na Universidade Federal da Integra\u00e7\u00e3o Latino-Americana (UNILA). \u201cTenho um amigo chamado Parkinson. Ele vai me seguir at\u00e9 o fim da vida, mas se eu n\u00e3o cuidar dele, me derruba. A literatura \u00e9 uma das minhas formas de cuidado e acredito que ajuda os leitores a encontrar novas interpreta\u00e7\u00f5es da realidade e da alma humana\u201d, disse o autor.<\/p>\n\n\n\n<p>Sobre o autor: Nilton Bobato \u00e9 professor de L\u00edngua Portuguesa, mestrando em Literatura Comparada pela Universidade Federal de da Integra\u00e7\u00e3o Latino-Americana (Unila), jornalista e mant\u00e9m forte atua\u00e7\u00e3o na cena liter\u00e1ria paranaense com oito livros publicados. Em Foz de Igua\u00e7u foi vice-prefeito, vereador e secret\u00e1rio municipal das pastas de sa\u00fade, administra\u00e7\u00e3o e governan\u00e7a.<\/p>\n\n\n\n<p>Sobre a editora: O Grupo Editorial Appris conta com cinco selos editoriais, das mais diversas \u00e1reas t\u00e9cnicas, cient\u00edficas e liter\u00e1rias. Com 14 anos no setor e a experi\u00eancia de seus editores, que atuam h\u00e1 mais de 35 anos no mercado editorial, a Appris possui um cat\u00e1logo com mais de 12 mil obras publicadas e que continua a crescer com uma m\u00e9dia de 70 lan\u00e7amentos por m\u00eas.<\/p>\n\n\n\n<p>Servi\u00e7o<\/p>\n\n\n\n<p>Lan\u00e7amento do livro \u201c\u00c9 proibido falar mal de Deus: prosa quase dist\u00f3pica\u201d<\/p>\n\n\n\n<p>Data: 04 de outubro (s\u00e1bado)<br>Local: Livraria Telaranha (Rua \u00c9bano Pereira, 269 &#8211; Centro)<br>Hor\u00e1rio:&nbsp;10h30<\/p>\n","protected":false},"excerpt":{"rendered":"<p>Nova obra do escritor paranaense re\u00fane contos dist\u00f3picos que abordam religi\u00e3o, pol\u00edtica e quest\u00f5es sociais Um Brasil tomado por grupos paramilitares, um professor que tenta provar a inexist\u00eancia de Deus e um Conselho Celestial com Cristo, Maom\u00e9, Buda, Oxal\u00e1 e at\u00e9 o dem\u00f4nio para decidir o destino da humanidade. Este \u00e9 o cen\u00e1rio de \u201c\u00c9 [&hellip;]<\/p>\n","protected":false},"author":1,"featured_media":4997,"comment_status":"open","ping_status":"open","sticky":false,"template":"","format":"standard","meta":{"footnotes":""},"categories":[142],"tags":[],"class_list":["post-4990","post","type-post","status-publish","format-standard","has-post-thumbnail","hentry","category-literatura"],"_links":{"self":[{"href":"https:\/\/diarioparanaense.com\/index.php?rest_route=\/wp\/v2\/posts\/4990","targetHints":{"allow":["GET"]}}],"collection":[{"href":"https:\/\/diarioparanaense.com\/index.php?rest_route=\/wp\/v2\/posts"}],"about":[{"href":"https:\/\/diarioparanaense.com\/index.php?rest_route=\/wp\/v2\/types\/post"}],"author":[{"embeddable":true,"href":"https:\/\/diarioparanaense.com\/index.php?rest_route=\/wp\/v2\/users\/1"}],"replies":[{"embeddable":true,"href":"https:\/\/diarioparanaense.com\/index.php?rest_route=%2Fwp%2Fv2%2Fcomments&post=4990"}],"version-history":[{"count":1,"href":"https:\/\/diarioparanaense.com\/index.php?rest_route=\/wp\/v2\/posts\/4990\/revisions"}],"predecessor-version":[{"id":4998,"href":"https:\/\/diarioparanaense.com\/index.php?rest_route=\/wp\/v2\/posts\/4990\/revisions\/4998"}],"wp:featuredmedia":[{"embeddable":true,"href":"https:\/\/diarioparanaense.com\/index.php?rest_route=\/wp\/v2\/media\/4997"}],"wp:attachment":[{"href":"https:\/\/diarioparanaense.com\/index.php?rest_route=%2Fwp%2Fv2%2Fmedia&parent=4990"}],"wp:term":[{"taxonomy":"category","embeddable":true,"href":"https:\/\/diarioparanaense.com\/index.php?rest_route=%2Fwp%2Fv2%2Fcategories&post=4990"},{"taxonomy":"post_tag","embeddable":true,"href":"https:\/\/diarioparanaense.com\/index.php?rest_route=%2Fwp%2Fv2%2Ftags&post=4990"}],"curies":[{"name":"wp","href":"https:\/\/api.w.org\/{rel}","templated":true}]}}