{"id":4983,"date":"2025-09-17T16:37:02","date_gmt":"2025-09-17T19:37:02","guid":{"rendered":"https:\/\/diarioparanaense.com\/?p=4983"},"modified":"2025-09-17T16:38:41","modified_gmt":"2025-09-17T19:38:41","slug":"curitiba-recebe-roadshow-lg-para-instaladores-no-dia-18-de-setembro","status":"publish","type":"post","link":"https:\/\/diarioparanaense.com\/?p=4983","title":{"rendered":"Curitiba recebe Roadshow LG para instaladores no dia 18 de setembro"},"content":{"rendered":"\n<p><em>Evento gratuito no SENAI Cidade Industrial contar\u00e1 com treinamentos t\u00e9cnicos e conte\u00fados exclusivos em climatiza\u00e7\u00e3o<\/em><\/p>\n\n\n\n<p>A cidade de Curitiba ser\u00e1 a pr\u00f3xima a receber o Roadshow LG para Instaladores, que acontece no dia <strong>18<\/strong> <strong>de setembro<\/strong> <strong>(quinta-feira)<\/strong>, das 18h \u00e0s 22h, no <strong>SENAI Cidade Industrial de Curitiba<\/strong> <strong>(R. Gen. Potiguara, 201 \u2013 Novo Mundo, Curitiba \u2013 PR)<\/strong>. Gratuito e voltado para profissionais da \u00e1rea de ar-condicionado e climatiza\u00e7\u00e3o, o evento tem como objetivo capacitar e atualizar instaladores sobre as inova\u00e7\u00f5es e solu\u00e7\u00f5es da marca, al\u00e9m de fortalecer a qualidade dos servi\u00e7os prestados no setor.<\/p>\n\n\n\n<p>Durante o encontro, os participantes ter\u00e3o acesso a <strong>conte\u00fado t\u00e9cnico aprofundado<\/strong>, com foco nas linhas de produtos <strong>LG AI DUAL Inverter<\/strong>, que unem efici\u00eancia energ\u00e9tica e conectividade inteligente; al\u00e9m de outros modelos desenvolvidos para oferecer <strong>conforto, economia e desempenho.<\/strong><\/p>\n\n\n\n<p>A programa\u00e7\u00e3o inclui uma apresenta\u00e7\u00e3o institucional sobre a LG, conte\u00fados t\u00e9cnicos voltados \u00e0 instala\u00e7\u00e3o b\u00e1sica de aparelhos de ar-condicionado, especifica\u00e7\u00f5es de produtos e orienta\u00e7\u00f5es detalhadas sobre o <strong>g\u00e1s refrigerante R32<\/strong>, incluindo cuidados e recomenda\u00e7\u00f5es de uso. O encontro tamb\u00e9m reserva um momento para esclarecimento de d\u00favidas com especialistas da marca.<\/p>\n\n\n\n<p>A agenda come\u00e7a com um coffee de boas-vindas e segue com sess\u00f5es de treinamento e demonstra\u00e7\u00f5es t\u00e9cnicas. Ao final, os participantes recebem brindes exclusivos. A expectativa \u00e9 reunir os profissionais de refrigera\u00e7\u00e3o e climatiza\u00e7\u00e3o da regi\u00e3o.<\/p>\n\n\n\n<p>\u201cTemos grande expectativa com essa edi\u00e7\u00e3o em Curitiba. \u00c9 uma oportunidade de estarmos pr\u00f3ximos aos profissionais da regi\u00e3o, oferecendo conhecimento t\u00e9cnico e apresentando as solu\u00e7\u00f5es mais avan\u00e7adas do nosso portf\u00f3lio\u201d, afirma <strong>Lucas Nogueira<\/strong>, Gerente de Produto de Ar-Condicionado Residencial da LG Brasil.<\/p>\n\n\n\n<p class=\"has-medium-font-size\">As inscri\u00e7\u00f5es est\u00e3o abertas e podem ser feitas pelo link:<\/p>\n\n\n\n<p><a href=\"https:\/\/forms.office.com\/r\/wpDtBaw5uK\">Clique aqui<\/a><\/p>\n\n\n\n<p><strong>CONTATO BURSON \u2013 ASSESSORIA DE IMPRENSA:<\/strong><br>Alex Cara &#8211; <a href=\"mailto:alex.cara@bursonglobal.com\">alex.cara@bursonglobal.com<br><\/a>Daniel Trefilio \u2013 <a href=\"mailto:daniel.trefilio@bursonglobal.com\">daniel.trefilio@bursonglobal.com<br><\/a>Edgard Assis \u2013 <a href=\"mailto:edgard.assis@bursonglobal.com\">edgard.assis@bursonglobal.com<br><\/a>J\u00falia Oliveira \u2013&nbsp; <a href=\"mailto:julia.jacintho@bursonglobal.com\">julia.jacintho@bursonglobal.com<\/a><\/p>\n\n\n\n<p><strong>CONTATO \u2013 LG:<\/strong><br>Angela Sakuma \u2013 <a href=\"mailto:angela.sakuma@lge.com\">angela.sakuma@lge.com<br><\/a>Melissa Castro \u2013 <a href=\"mailto:melissa.castro@lge.com\">melissa.castro@lge.com<br><\/a><\/p>\n\n\n\n<p><strong>SOBRE A LG ELECTRONICS, INC.<\/strong><\/p>\n\n\n\n<p>A LG Electronics \u00e9 uma l\u00edder global em tecnologia e eletr\u00f4nicos de consumo, com presen\u00e7a em quase todos os pa\u00edses e uma for\u00e7a de trabalho internacional superior a 75 mil pessoas. A companhia reorganizou suas opera\u00e7\u00f5es em quatro <em>divis\u00f5es de neg\u00f3cios:<\/em> <strong>Home Appliance Solution (HS), Media Entertainment Solution (MS), Vehicle Solution (VS) e Eco Solution (ES)<\/strong>, redefinindo seus pap\u00e9is e identidades para acelerar sua vis\u00e3o de futuro at\u00e9 2030. Em 2024, as quatro <em>divis\u00f5es<\/em> combinadas geraram uma receita global de mais de 87,74 trilh\u00f5es de KRW (US$ 64,32 bilh\u00f5es). A LG \u00e9 reconhecida mundialmente por suas solu\u00e7\u00f5es inovadoras em TVs, eletrodom\u00e9sticos, ar-condicionado, monitores, componentes automotivos e solu\u00e7\u00f5es sustent\u00e1veis. Suas marcas premium LG SIGNATURE e a plataforma inteligente LG ThinQ refor\u00e7am o compromisso da empresa com inova\u00e7\u00e3o e qualidade. Para mais informa\u00e7\u00f5es, acesse: <a href=\"https:\/\/urldefense.com\/v3\/__http:\/www.lgnewsroom.com\/__;!!IfJP2Nwhk5Z0yJ43lA!JB8jB_aDq9q12ibgovI6-LbtY20JVh38xXUo475_MtX_u-KAleYlWRWWG4S7nFpo1h15OwLmCUvyCfYHbjftcyax$\">www.LGnewsroom.com<\/a>.<\/p>\n\n\n\n<p><strong>SOBRE A LG ELECTRONICS NO BRASIL<\/strong><\/p>\n\n\n\n<p>Presente no Brasil desde 1996, a LG Electronics oferece um amplo portf\u00f3lio com mais de 350 produtos, incluindo TVs, <em>caixas de som, pain\u00e9is, monitores, som automotivo, equipamentos de inform\u00e1tica, ar-condicionado (residencial e comercial),<\/em> produtos de linha branca e solu\u00e7\u00f5es corporativas. Alinhada \u00e0 nova estrutura global, a opera\u00e7\u00e3o brasileira integra iniciativas das quatro <em>divis\u00f5es da<\/em> LG: HS, MS, VS e ES. <em>Nossa<\/em> f\u00e1brica em Manaus produz a maior parte dos itens comercializados no Pa\u00eds, consolidando a subsidi\u00e1ria brasileira como uma das cinco maiores opera\u00e7\u00f5es da LG fora da Coreia. Com cerca de tr\u00eas mil colaboradores, a empresa conta com assist\u00eancia<em> t\u00e9cnica e call center pr\u00f3prios, Business Solution Center em S\u00e3o Paulo e duas lojas conceito (Salvador e S\u00e3o Paulo) al\u00e9m de uma f\u00e1brica de Linha Branca em Constru\u00e7\u00e3o na regi\u00e3o metropolitana de Curitiba, Paran\u00e1.<\/em><\/p>\n\n\n\n<p><strong>Life&#8217;s Good<\/strong><\/p>\n\n\n\n<p>A LG Electronics tem como prop\u00f3sito central o bem-estar do consumidor, oferecendo produtos que trazem solu\u00e7\u00f5es pr\u00e1ticas e impacto real no conforto do dia a dia das pessoas ao redor do mundo. Esse \u00e9 o verdadeiro significado de &#8216;Life\u2019s Good&#8217;. Para levar essa filosofia al\u00e9m da experi\u00eancia com seus produtos, a empresa lan\u00e7ou iniciativas como o &#8216;Radio Optimism&#8217; \u2014 uma plataforma gratuita que transforma mensagens de carinho em m\u00fasicas personalizadas, com a miss\u00e3o de levar otimismo e aproximar as pessoas. Essa e outras a\u00e7\u00f5es da campanha &#8216;Life\u2019s Good&#8217; buscam fortalecer conex\u00f5es mais profundas entre as pessoas, mostrando na pr\u00e1tica como a inova\u00e7\u00e3o da LG atua para tornar a vida genuinamente melhor.<\/p>\n\n\n\n<p><strong>ACOMPANHE TODAS AS INFORMA\u00c7\u00d5ES NOS CANAIS LG<\/strong><\/p>\n\n\n\n<p>Site: <a href=\"http:\/\/www.lg.com\/br\">http:\/\/www.lg.com\/br<\/a><\/p>\n\n\n\n<p>Instagram: <a href=\"https:\/\/www.instagram.com\/lgbrasil\/\">https:\/\/www.instagram.com\/lgbrasil\/<\/a><\/p>\n\n\n\n<p>Twitter: <a href=\"http:\/\/twitter.com\/lgdobrasil\">http:\/\/twitter.com\/lgdobrasil<\/a><\/p>\n\n\n\n<p>YouTube: <a href=\"http:\/\/www.youtube.com\/lgdobrasil\">http:\/\/www.youtube.com\/lgdobrasil<\/a><\/p>\n\n\n\n<p>Facebook: <a href=\"http:\/\/www.facebook.com\/lgdobrasil\">http:\/\/www.facebook.com\/lgdobrasil<br><\/a>&nbsp;Linkedin: <a href=\"http:\/\/www.linkedin.com\/company\/lg-electronics-brasil\">www.linkedin.com\/company\/lg-electronics-brasil<\/a><\/p>\n\n\n\n<p><strong>LG ELECTRONICS \u2013 SAC<\/strong><br>&nbsp;4004 5400 (Capitais e regi\u00f5es metropolitanas)<br>&nbsp;0800 707 5454 (Demais localidades)<\/p>\n","protected":false},"excerpt":{"rendered":"<p>Evento gratuito no SENAI Cidade Industrial contar\u00e1 com treinamentos t\u00e9cnicos e conte\u00fados exclusivos em climatiza\u00e7\u00e3o A cidade de Curitiba ser\u00e1 a pr\u00f3xima a receber o Roadshow LG para Instaladores, que acontece no dia 18 de setembro (quinta-feira), das 18h \u00e0s 22h, no SENAI Cidade Industrial de Curitiba (R. Gen. Potiguara, 201 \u2013 Novo Mundo, Curitiba [&hellip;]<\/p>\n","protected":false},"author":1,"featured_media":4984,"comment_status":"open","ping_status":"open","sticky":false,"template":"","format":"standard","meta":{"footnotes":""},"categories":[186],"tags":[],"class_list":["post-4983","post","type-post","status-publish","format-standard","has-post-thumbnail","hentry","category-eventos"],"_links":{"self":[{"href":"https:\/\/diarioparanaense.com\/index.php?rest_route=\/wp\/v2\/posts\/4983","targetHints":{"allow":["GET"]}}],"collection":[{"href":"https:\/\/diarioparanaense.com\/index.php?rest_route=\/wp\/v2\/posts"}],"about":[{"href":"https:\/\/diarioparanaense.com\/index.php?rest_route=\/wp\/v2\/types\/post"}],"author":[{"embeddable":true,"href":"https:\/\/diarioparanaense.com\/index.php?rest_route=\/wp\/v2\/users\/1"}],"replies":[{"embeddable":true,"href":"https:\/\/diarioparanaense.com\/index.php?rest_route=%2Fwp%2Fv2%2Fcomments&post=4983"}],"version-history":[{"count":3,"href":"https:\/\/diarioparanaense.com\/index.php?rest_route=\/wp\/v2\/posts\/4983\/revisions"}],"predecessor-version":[{"id":4988,"href":"https:\/\/diarioparanaense.com\/index.php?rest_route=\/wp\/v2\/posts\/4983\/revisions\/4988"}],"wp:featuredmedia":[{"embeddable":true,"href":"https:\/\/diarioparanaense.com\/index.php?rest_route=\/wp\/v2\/media\/4984"}],"wp:attachment":[{"href":"https:\/\/diarioparanaense.com\/index.php?rest_route=%2Fwp%2Fv2%2Fmedia&parent=4983"}],"wp:term":[{"taxonomy":"category","embeddable":true,"href":"https:\/\/diarioparanaense.com\/index.php?rest_route=%2Fwp%2Fv2%2Fcategories&post=4983"},{"taxonomy":"post_tag","embeddable":true,"href":"https:\/\/diarioparanaense.com\/index.php?rest_route=%2Fwp%2Fv2%2Ftags&post=4983"}],"curies":[{"name":"wp","href":"https:\/\/api.w.org\/{rel}","templated":true}]}}