{"id":4977,"date":"2025-09-17T09:56:09","date_gmt":"2025-09-17T12:56:09","guid":{"rendered":"https:\/\/diarioparanaense.com\/?p=4977"},"modified":"2025-09-17T09:56:09","modified_gmt":"2025-09-17T12:56:09","slug":"evento-em-curitiba-debate-iniciativas-para-reduzir-pegada-de-carbono","status":"publish","type":"post","link":"https:\/\/diarioparanaense.com\/?p=4977","title":{"rendered":"Evento em Curitiba debate iniciativas para reduzir pegada de carbono"},"content":{"rendered":"\n<p class=\"has-medium-font-size\">O encontro \u00e9 gratuito e promovido pela BPW Curitiba<\/p>\n\n\n\n<p>Na pr\u00f3xima ter\u00e7a-feira (23), a Comiss\u00e3o de Sustentabilidade da BPW Curitiba (Associa\u00e7\u00e3o de Mulheres de Neg\u00f3cios e Profissionais de Curitiba) realiza um evento voltado para o empreendedorismo sustent\u00e1vel em que o tema central ser\u00e1 a pegada de carbono. O termo se refere a medida da quantidade total de gases de efeito estufa emitidos, direta ou indiretamente, por uma pessoa, empresa, produto, servi\u00e7o ou at\u00e9 mesmo um evento.<\/p>\n\n\n\n<p>O p\u00fablico presente ao encontro poder\u00e1 conhecer cases de sucesso, estrat\u00e9gias pr\u00e1ticas para reduzir a pegada de carbono e participar de palestras com as especialistas Fabiana Romanelli, doutora em ci\u00eancias e especialista em sustentabilidade; Rosane Fontoura, administradora de empresas especializada em projetos empresariais p\u00fablicos e privados &#8211; ODS; e Marilice Collin, especialista em direito ambiental e sustentabilidade.<\/p>\n\n\n\n<p>A coordenadora de sustentabilidade da BPW Curitiba, Birgit Marsili, entende que a necessidade de discutir e implementar solu\u00e7\u00f5es que reduzam a pegada de carbono \u00e9 urgente. \u201cComo empres\u00e1ria e signat\u00e1ria do pacto da ONU, compreendo que as a\u00e7\u00f5es necess\u00e1rias precisam ser implementadas o quanto antes. Apresentar esse tema para a sociedade e para as pequenas e m\u00e9dias empresas \u00e9 de extrema import\u00e2ncia. Precisamos deixar o mundo melhor para as pr\u00f3ximas gera\u00e7\u00f5es\u201d, afirma Birgit, que \u00e9 propriet\u00e1ria da Lavoutique Lavanderia &amp; Costura e da Briller Lavanderia Self-Service.<\/p>\n\n\n\n<p>O evento \u00e9 gratuito e ser\u00e1 realizado na UNIOPET, no Centro C\u00edvico. As vagas s\u00e3o limitadas e \u00e9 preciso fazer a inscri\u00e7\u00e3o pelo link: <a href=\"https:\/\/forms.gle\/mGeZFQXyctaMZPuB8\">https:\/\/forms.gle\/mGeZFQXyctaMZPuB8<\/a>.<\/p>\n\n\n\n<p class=\"has-medium-font-size\">Pegada de carbono nas pequenas empresas<\/p>\n\n\n\n<p>Com a COP30, 30\u00aa Confer\u00eancia das Na\u00e7\u00f5es Unidas sobre Mudan\u00e7as Clim\u00e1ticas, marcada para novembro de 2025, em Bel\u00e9m do Par\u00e1, o Brasil se torna o centro das aten\u00e7\u00f5es globais em debates sobre sustentabilidade e o futuro do planeta. Embora grandes corpora\u00e7\u00f5es j\u00e1 estejam sob a observa\u00e7\u00e3o p\u00fablica e a press\u00e3o por metas de descarboniza\u00e7\u00e3o, \u00e9 fundamental que as pequenas e m\u00e9dias empresas (PMEs) tamb\u00e9m comecem a encarar a import\u00e2ncia de suas pegadas de carbono.<\/p>\n\n\n\n<p>Gases resultantes da pegada de carbono, como o di\u00f3xido de carbono (CO2\u200b) e o g\u00e1s metano (CH4\u200b), s\u00e3o os principais respons\u00e1veis pelo aquecimento global e pelas mudan\u00e7as clim\u00e1ticas.\u201cPara as empresas, entender e gerenciar essa pegada n\u00e3o \u00e9 apenas uma quest\u00e3o ambiental, mas tamb\u00e9m um diferencial competitivo e econ\u00f4mico\u201d, complementa Birgit.<\/p>\n\n\n\n<p>A redu\u00e7\u00e3o das emiss\u00f5es pode levar \u00e0 otimiza\u00e7\u00e3o de processos, diminui\u00e7\u00e3o de custos com energia e mat\u00e9rias-primas. Consumidores e investidores est\u00e3o cada vez mais atentos \u00e0s pr\u00e1ticas sustent\u00e1veis e empresas com menor impacto ambiental tendem a ser mais valorizadas.<\/p>\n\n\n\n<p class=\"has-medium-font-size\">Servi\u00e7o:<\/p>\n\n\n\n<p><strong>Evento Empreendedorismo Sustent\u00e1vel<br><\/strong>Data: 23.09<br>Hor\u00e1rio: 19h<br>Local: UNIOPET &#8211; Centro C\u00edvico<br>Endere\u00e7o: R. Nilo Pe\u00e7anha, 1501 &#8211; Bom Retiro<br>Inscri\u00e7\u00f5es: <a href=\"https:\/\/forms.gle\/mGeZFQXyctaMZPuB8\">https:\/\/forms.gle\/mGeZFQXyctaMZPuB8<\/a><br><strong>Evento\u00a0gratuito<\/strong><\/p>\n","protected":false},"excerpt":{"rendered":"<p>O encontro \u00e9 gratuito e promovido pela BPW Curitiba Na pr\u00f3xima ter\u00e7a-feira (23), a Comiss\u00e3o de Sustentabilidade da BPW Curitiba (Associa\u00e7\u00e3o de Mulheres de Neg\u00f3cios e Profissionais de Curitiba) realiza um evento voltado para o empreendedorismo sustent\u00e1vel em que o tema central ser\u00e1 a pegada de carbono. O termo se refere a medida da quantidade [&hellip;]<\/p>\n","protected":false},"author":1,"featured_media":4978,"comment_status":"open","ping_status":"open","sticky":false,"template":"","format":"standard","meta":{"footnotes":""},"categories":[29,186],"tags":[],"class_list":["post-4977","post","type-post","status-publish","format-standard","has-post-thumbnail","hentry","category-artigos","category-eventos"],"_links":{"self":[{"href":"https:\/\/diarioparanaense.com\/index.php?rest_route=\/wp\/v2\/posts\/4977","targetHints":{"allow":["GET"]}}],"collection":[{"href":"https:\/\/diarioparanaense.com\/index.php?rest_route=\/wp\/v2\/posts"}],"about":[{"href":"https:\/\/diarioparanaense.com\/index.php?rest_route=\/wp\/v2\/types\/post"}],"author":[{"embeddable":true,"href":"https:\/\/diarioparanaense.com\/index.php?rest_route=\/wp\/v2\/users\/1"}],"replies":[{"embeddable":true,"href":"https:\/\/diarioparanaense.com\/index.php?rest_route=%2Fwp%2Fv2%2Fcomments&post=4977"}],"version-history":[{"count":1,"href":"https:\/\/diarioparanaense.com\/index.php?rest_route=\/wp\/v2\/posts\/4977\/revisions"}],"predecessor-version":[{"id":4979,"href":"https:\/\/diarioparanaense.com\/index.php?rest_route=\/wp\/v2\/posts\/4977\/revisions\/4979"}],"wp:featuredmedia":[{"embeddable":true,"href":"https:\/\/diarioparanaense.com\/index.php?rest_route=\/wp\/v2\/media\/4978"}],"wp:attachment":[{"href":"https:\/\/diarioparanaense.com\/index.php?rest_route=%2Fwp%2Fv2%2Fmedia&parent=4977"}],"wp:term":[{"taxonomy":"category","embeddable":true,"href":"https:\/\/diarioparanaense.com\/index.php?rest_route=%2Fwp%2Fv2%2Fcategories&post=4977"},{"taxonomy":"post_tag","embeddable":true,"href":"https:\/\/diarioparanaense.com\/index.php?rest_route=%2Fwp%2Fv2%2Ftags&post=4977"}],"curies":[{"name":"wp","href":"https:\/\/api.w.org\/{rel}","templated":true}]}}