{"id":4973,"date":"2025-09-16T10:24:08","date_gmt":"2025-09-16T13:24:08","guid":{"rendered":"https:\/\/diarioparanaense.com\/?p=4973"},"modified":"2025-09-16T10:24:09","modified_gmt":"2025-09-16T13:24:09","slug":"ivyson-faz-unica-apresentacao-em-curitiba-nesta-quinta18-no-teatro-fernanda-montenegro","status":"publish","type":"post","link":"https:\/\/diarioparanaense.com\/?p=4973","title":{"rendered":"IVYSON FAZ \u00daNICA APRESENTA\u00c7\u00c3O EM CURITIBA NESTA QUINTA(18), NO TEATRO FERNANDA MONTENEGRO"},"content":{"rendered":"\n<p class=\"has-medium-font-size\"><em>O cantor e compositor pernambucano revisita seus grandes sucessos<\/em><\/p>\n\n\n\n<p>Destaque da nova gera\u00e7\u00e3o da MPB com sua voz marcante e sensibilidade nas composi\u00e7\u00f5es autorais, <strong>IVYSON<\/strong> se apresenta em Curitiba nesta quinta-feira, dia 18 de setembro, \u00e0s 19h, no Teatro Fernanda Montenegro. O cantor e compositor pernambucano revisita os maiores sucessos de sua carreira.<\/p>\n\n\n\n<p>O repert\u00f3rio percorre toda a trajet\u00f3ria musical do artista, incluindo sucessos como \u201cGirassol\u201d, \u201cConex\u00e3o\u201d, \u201cSina\u201d e \u201cMoldura\u201d, al\u00e9m de novas can\u00e7\u00f5es, incluindo \u201cSerena\u201d, \u201cEf\u00eamera\u201d, \u201cFica\u201d e \u201cAfinco\u201d, que d\u00e1 nome ao seu mais recente \u00e1lbum. <strong>IVYSON<\/strong> divide o palco com os m\u00fasicos <strong>Hedinho <\/strong>(Guitarra) e <strong>P\u00e9 Beat<\/strong> (Bateria).<\/p>\n\n\n\n<p>Com um sotaque que cativa f\u00e3s Brasil afora e mais de 1 milh\u00e3o de ouvintes mensais, al\u00e9m de 100 milh\u00f5es de visualiza\u00e7\u00f5es no YouTube e plataformas de streaming, IVYSON vem conquistando o p\u00fablico com lirismo e sensibilidade raros no panorama nacional.<\/p>\n\n\n\n<p><strong>MAIS SOBRE IVYSON<\/strong><\/p>\n\n\n\n<p>O artista come\u00e7ou no mundo da m\u00fasica ainda crian\u00e7a, mas foi apenas em 2018 que abriu um canal no YouTube para compartilhar suas can\u00e7\u00f5es. A estreia foi com a mixtape \u201cPoemas Para Quem Chora\u201d (2019), onde apresentou \u201cGirassol\u201d, considerada o maior hit do cantor. No ano seguinte, lan\u00e7ou o primeiro EP, \u201cRetalhos\u201d, com letras sentimentais e m\u00fasicas que v\u00e3o desde o maracatu ao indie rock. O \u00e1lbum de estreia, \u201cO Outro Lado do Rio\u201d (2022), com 10 faixas autorais e produ\u00e7\u00e3o de Viktor Judah, mistura ra\u00edzes e apresenta o romantismo do artista que abre seu cora\u00e7\u00e3o em cada faixa. Em seu mais recente trabalho, \u201cAFINCO\u201d, IVYSON expande seu discurso amoroso, p\u00f3s-amoroso e al\u00e9m-amoroso com lirismo e sensibilidade raros no panorama nacional, mas sem perder um mil\u00edmetro do sotaque que cativa f\u00e3s Brasil afora.<\/p>\n\n\n\n<p><strong>SERVI\u00c7O IVYSON<\/strong><\/p>\n\n\n\n<p>Data: 18\/09<\/p>\n\n\n\n<p>Local: Teatro Fernanda Montenegro<\/p>\n\n\n\n<p>Endere\u00e7o: Rua Coronel Dulcidio 517, Curitiba PR<\/p>\n\n\n\n<p>Abertura: 19h<\/p>\n\n\n\n<p>Evento: 20h<\/p>\n\n\n\n<p>Classifica\u00e7\u00e3o: Livre<\/p>\n\n\n\n<p>Ingressos aqui: <a href=\"https:\/\/www.diskingressos.com.br\/event\/1054\">https:\/\/www.diskingressos.com.br\/event\/1054<\/a><\/p>\n\n\n\n<p><strong>Para saber mais, acesse:<\/strong><\/p>\n\n\n\n<p>Site:<\/p>\n\n\n\n<p><a href=\"http:\/\/www.ivyson.com.br\">www.ivyson.com.br<\/a><\/p>\n\n\n\n<p>Instagram:<\/p>\n\n\n\n<p><a href=\"https:\/\/www.instagram.com\/ivysonoficial\">https:\/\/www.instagram.com\/ivysonoficial<\/a><\/p>\n\n\n\n<p>Facebook:<\/p>\n\n\n\n<p><a href=\"https:\/\/www.facebook.com\/ivysonoficial\">https:\/\/www.facebook.com\/ivysonoficial<\/a><\/p>\n\n\n\n<p>Twitter:<\/p>\n\n\n\n<p><a href=\"https:\/\/twitter.com\/ivysonoficial\">https:\/\/twitter.com\/ivysonoficial<\/a><\/p>\n\n\n\n<p>TikTok<\/p>\n\n\n\n<p><a href=\"mailto:tiktok.com\/@ivysonofc\">tiktok.com\/@ivysonofc<\/a><\/p>\n\n\n\n<p>Spotify:<\/p>\n\n\n\n<figure class=\"wp-block-embed is-type-rich is-provider-spotify wp-block-embed-spotify wp-embed-aspect-21-9 wp-has-aspect-ratio\"><div class=\"wp-block-embed__wrapper\">\n<iframe title=\"Spotify Embed: IVYSON\" style=\"border-radius: 12px\" width=\"100%\" height=\"352\" frameborder=\"0\" allowfullscreen allow=\"autoplay; clipboard-write; encrypted-media; fullscreen; picture-in-picture\" loading=\"lazy\" src=\"https:\/\/open.spotify.com\/embed\/artist\/4oZ941RuRcTCaWxV8YptJu?autoplay=true&#038;utm_source=oembed\"><\/iframe>\n<\/div><\/figure>\n\n\n\n<p>YouTube:<\/p>\n\n\n\n<p><a href=\"https:\/\/www.youtube.com\/channel\/UCEC05nRzxgfZKZ3GhYDiL0Q\">https:\/\/www.youtube.com\/channel\/UCEC05nRzxgfZKZ3GhYDiL0Q<\/a><\/p>\n","protected":false},"excerpt":{"rendered":"<p>O cantor e compositor pernambucano revisita seus grandes sucessos Destaque da nova gera\u00e7\u00e3o da MPB com sua voz marcante e sensibilidade nas composi\u00e7\u00f5es autorais, IVYSON se apresenta em Curitiba nesta quinta-feira, dia 18 de setembro, \u00e0s 19h, no Teatro Fernanda Montenegro. O cantor e compositor pernambucano revisita os maiores sucessos de sua carreira. O repert\u00f3rio [&hellip;]<\/p>\n","protected":false},"author":1,"featured_media":4974,"comment_status":"open","ping_status":"open","sticky":false,"template":"","format":"standard","meta":{"footnotes":""},"categories":[27],"tags":[],"class_list":["post-4973","post","type-post","status-publish","format-standard","has-post-thumbnail","hentry","category-musica"],"_links":{"self":[{"href":"https:\/\/diarioparanaense.com\/index.php?rest_route=\/wp\/v2\/posts\/4973","targetHints":{"allow":["GET"]}}],"collection":[{"href":"https:\/\/diarioparanaense.com\/index.php?rest_route=\/wp\/v2\/posts"}],"about":[{"href":"https:\/\/diarioparanaense.com\/index.php?rest_route=\/wp\/v2\/types\/post"}],"author":[{"embeddable":true,"href":"https:\/\/diarioparanaense.com\/index.php?rest_route=\/wp\/v2\/users\/1"}],"replies":[{"embeddable":true,"href":"https:\/\/diarioparanaense.com\/index.php?rest_route=%2Fwp%2Fv2%2Fcomments&post=4973"}],"version-history":[{"count":1,"href":"https:\/\/diarioparanaense.com\/index.php?rest_route=\/wp\/v2\/posts\/4973\/revisions"}],"predecessor-version":[{"id":4975,"href":"https:\/\/diarioparanaense.com\/index.php?rest_route=\/wp\/v2\/posts\/4973\/revisions\/4975"}],"wp:featuredmedia":[{"embeddable":true,"href":"https:\/\/diarioparanaense.com\/index.php?rest_route=\/wp\/v2\/media\/4974"}],"wp:attachment":[{"href":"https:\/\/diarioparanaense.com\/index.php?rest_route=%2Fwp%2Fv2%2Fmedia&parent=4973"}],"wp:term":[{"taxonomy":"category","embeddable":true,"href":"https:\/\/diarioparanaense.com\/index.php?rest_route=%2Fwp%2Fv2%2Fcategories&post=4973"},{"taxonomy":"post_tag","embeddable":true,"href":"https:\/\/diarioparanaense.com\/index.php?rest_route=%2Fwp%2Fv2%2Ftags&post=4973"}],"curies":[{"name":"wp","href":"https:\/\/api.w.org\/{rel}","templated":true}]}}