{"id":4969,"date":"2025-09-15T16:47:25","date_gmt":"2025-09-15T19:47:25","guid":{"rendered":"https:\/\/diarioparanaense.com\/?p=4969"},"modified":"2025-09-15T16:48:02","modified_gmt":"2025-09-15T19:48:02","slug":"portuguese-brazilian-awards-reune-famosos-e-polemicas-na-11a-edicao-nos-eua","status":"publish","type":"post","link":"https:\/\/diarioparanaense.com\/?p=4969","title":{"rendered":"Portuguese &amp; Brazilian Awards re\u00fane famosos e pol\u00eamicas na 11\u00aa edi\u00e7\u00e3o nos EUA"},"content":{"rendered":"\n<p>A 11\u00aa edi\u00e7\u00e3o do Portuguese &amp; Brazilian Awards, idealizado por Marcilia Luzbet, movimentou o tradicional Tarrytown House Estate, nos Estados Unidos. O evento, que j\u00e1 virou parada obrigat\u00f3ria no calend\u00e1rio das celebridades da lusofonia, acontece sempre pr\u00f3ximo ao feriado do Dia do Trabalho americano e tem como objetivo homenagear brasileiros e portugueses que brilham em suas \u00e1reas. Mas, como de costume, tamb\u00e9m rendeu muito assunto nos bastidores.<\/p>\n\n\n\n<p>A noite foi comandada pela cantora Simony e pelo ator Henri Castelli, que esbanjaram simpatia e carisma no palco. Com direito a muito glamour, emo\u00e7\u00e3o e at\u00e9 algumas surpresas, o p\u00fablico prestigiou nomes que se destacam tanto no cen\u00e1rio art\u00edstico quanto em causas sociais, culturais e humanit\u00e1rias.<\/p>\n\n\n\n<p>Entre os homenageados que roubaram a cena estavam:<\/p>\n\n\n\n<ul class=\"wp-block-list\">\n<li><em>Kristhel Byancco<\/em>, atriz e escritora, que chamou aten\u00e7\u00e3o no tapete vermelho com um vestido preto de longa cauda, digno de estrela;<\/li>\n\n\n\n<li><em>Alexandre Canhoni<\/em>, mission\u00e1rio e palestrante, reconhecido por seu trabalho humanit\u00e1rio no N\u00edger, levando educa\u00e7\u00e3o e prote\u00e7\u00e3o a comunidades carentes;<\/li>\n\n\n\n<li><em>Priscila Santana<\/em>, musicista de renome internacional, que une talento musical e ativismo social em sua carreira;<\/li>\n\n\n\n<li><em>Evandro Fioti<\/em>, cantor e compositor, que define sua m\u00fasica como um trabalho de \u201cartesanato de mem\u00f3rias, afetos e espiritualidade\u201d;<\/li>\n\n\n\n<li><em>Rita Cadillac<\/em>, eterna musa do programa do Chacrinha, que mostrou que continua sendo um \u00edcone da cultura popular brasileira;<\/li>\n\n\n\n<li>Lucas Viana, campe\u00e3o do reality *A Fazenda 11, que marcou presen\u00e7a com seu estilo descontra\u00eddo;<\/li>\n\n\n\n<li>Lidi Lisboa, atriz de destaque e ex-participante de *A Fazenda 12, que arrancou elogios pela eleg\u00e2ncia;<\/li>\n\n\n\n<li><em>Simone Sampaio<\/em>, a eterna rainha das rainhas do carnaval paulista, refer\u00eancia tanto na Drag\u00f5es da Real quanto no samba em geral.<\/li>\n<\/ul>\n\n\n\n<p>Mas n\u00e3o foi s\u00f3 no palco que a noite deu o que falar. Entre os convidados ilustres estavam o empres\u00e1rio Ricardo Faria e a rainha nigeriana <em>Angelique Monet<\/em>. A curiosidade da vez? Angelique era ventr\u00edloqua nos Estados Unidos antes de se casar com o rei de Eti-Oni, na Nig\u00e9ria. Mesmo como realeza, ela n\u00e3o largou a profiss\u00e3o: segue encantando crian\u00e7as africanas com sua habilidade incomum.<\/p>\n\n\n\n<p>Com tantos nomes, looks e hist\u00f3rias, a edi\u00e7\u00e3o de 2025 reafirma o objetivo do Portuguese &amp; Brazilian Awards: valorizar talentos e refor\u00e7ar os la\u00e7os culturais entre Brasil, Portugal e comunidades lus\u00f3fonas pelo mundo. Mas, como sempre, quem esteve l\u00e1 garante: o tapete vermelho e os bastidores renderam tanta not\u00edcia quanto os pr\u00eamios.<\/p>\n\n\n\n<p><strong>Fotos<\/strong>: Elder Rocha\/Denny&nbsp;Silva<\/p>\n","protected":false},"excerpt":{"rendered":"<p>A 11\u00aa edi\u00e7\u00e3o do Portuguese &amp; Brazilian Awards, idealizado por Marcilia Luzbet, movimentou o tradicional Tarrytown House Estate, nos Estados Unidos. O evento, que j\u00e1 virou parada obrigat\u00f3ria no calend\u00e1rio das celebridades da lusofonia, acontece sempre pr\u00f3ximo ao feriado do Dia do Trabalho americano e tem como objetivo homenagear brasileiros e portugueses que brilham em [&hellip;]<\/p>\n","protected":false},"author":1,"featured_media":4970,"comment_status":"open","ping_status":"open","sticky":false,"template":"","format":"standard","meta":{"footnotes":""},"categories":[29],"tags":[],"class_list":["post-4969","post","type-post","status-publish","format-standard","has-post-thumbnail","hentry","category-artigos"],"_links":{"self":[{"href":"https:\/\/diarioparanaense.com\/index.php?rest_route=\/wp\/v2\/posts\/4969","targetHints":{"allow":["GET"]}}],"collection":[{"href":"https:\/\/diarioparanaense.com\/index.php?rest_route=\/wp\/v2\/posts"}],"about":[{"href":"https:\/\/diarioparanaense.com\/index.php?rest_route=\/wp\/v2\/types\/post"}],"author":[{"embeddable":true,"href":"https:\/\/diarioparanaense.com\/index.php?rest_route=\/wp\/v2\/users\/1"}],"replies":[{"embeddable":true,"href":"https:\/\/diarioparanaense.com\/index.php?rest_route=%2Fwp%2Fv2%2Fcomments&post=4969"}],"version-history":[{"count":2,"href":"https:\/\/diarioparanaense.com\/index.php?rest_route=\/wp\/v2\/posts\/4969\/revisions"}],"predecessor-version":[{"id":4972,"href":"https:\/\/diarioparanaense.com\/index.php?rest_route=\/wp\/v2\/posts\/4969\/revisions\/4972"}],"wp:featuredmedia":[{"embeddable":true,"href":"https:\/\/diarioparanaense.com\/index.php?rest_route=\/wp\/v2\/media\/4970"}],"wp:attachment":[{"href":"https:\/\/diarioparanaense.com\/index.php?rest_route=%2Fwp%2Fv2%2Fmedia&parent=4969"}],"wp:term":[{"taxonomy":"category","embeddable":true,"href":"https:\/\/diarioparanaense.com\/index.php?rest_route=%2Fwp%2Fv2%2Fcategories&post=4969"},{"taxonomy":"post_tag","embeddable":true,"href":"https:\/\/diarioparanaense.com\/index.php?rest_route=%2Fwp%2Fv2%2Ftags&post=4969"}],"curies":[{"name":"wp","href":"https:\/\/api.w.org\/{rel}","templated":true}]}}