{"id":4963,"date":"2025-09-15T13:53:18","date_gmt":"2025-09-15T16:53:18","guid":{"rendered":"https:\/\/diarioparanaense.com\/?p=4963"},"modified":"2025-09-15T13:53:19","modified_gmt":"2025-09-15T16:53:19","slug":"alto-giro-inaugura-sua-primeira-franquia-no-shopping-mueller-em-curitiba","status":"publish","type":"post","link":"https:\/\/diarioparanaense.com\/?p=4963","title":{"rendered":"Alto Giro inaugura sua primeira franquia no Shopping Mueller, em Curitiba"},"content":{"rendered":"\n<p>A Alto Giro, refer\u00eancia em moda fitness premium, acaba de inaugurar sua primeira loja no formato franquia, no Shopping Mueller, em Curitiba. O lan\u00e7amento, realizado na \u00faltima sexta-feira (12), reuniu convidados e atletas patrocinados pela marca, como a tricampe\u00e3 mundial de Beach Tennis, Marcela Vita.<\/p>\n\n\n\n<p>Ap\u00f3s 42 anos de hist\u00f3ria e nove lojas pr\u00f3prias, a empresa fundada em Maring\u00e1 inicia pela capital paranaense seu plano de expans\u00e3o, que prev\u00ea a abertura de mais oito franquias em 2026. \u201cEstamos muito emocionados e muito gratos e queremos que todos acompanhem tudo das cole\u00e7\u00f5es novas e tamb\u00e9m da loja, que est\u00e1 incr\u00edvel\u201d, destacou o diretor comercial e de marketing da Alto Giro, Edson Filho.<\/p>\n\n\n\n<p class=\"has-medium-font-size\">Loja traz cole\u00e7\u00f5es novas<\/p>\n\n\n\n<p>Na nova loja, o p\u00fablico encontra a Cole\u00e7\u00e3o Primavera 26, que reflete o movimento da vida em constante transforma\u00e7\u00e3o, com pe\u00e7as fluidas e cores que v\u00e3o da profundidade dos azuis oce\u00e2nicos \u00e0 leveza dos tons de n\u00e9voa, passando pela energia do amanhecer, al\u00e9m de silhuetas que acompanham o corpo em movimento.<\/p>\n\n\n\n<p>Tamb\u00e9m est\u00e3o dispon\u00edveis alguns lan\u00e7amentos exclusivos: Future by Sabrina Sato, que traduz for\u00e7a, ousadia e paix\u00e3o em pe\u00e7as de alta performance; Balance, que combina conforto e leveza para redefinir o esporte como express\u00e3o de autenticidade e liberdade e TN Beach Tennis by Th\u00e1ssia Naves, que une sofistica\u00e7\u00e3o, tecnologia e prote\u00e7\u00e3o UV para quem vive com intensidade dentro e fora das quadras.<\/p>\n\n\n\n<p>A loja est\u00e1 localizada no piso L3 Matheus Leme do Shopping Mueller e funciona de segunda a s\u00e1bado, das 10h \u00e0s 22h, e aos domingos e feriados,&nbsp;das&nbsp;14h&nbsp;\u00e0s&nbsp;20h.<\/p>\n","protected":false},"excerpt":{"rendered":"<p>A Alto Giro, refer\u00eancia em moda fitness premium, acaba de inaugurar sua primeira loja no formato franquia, no Shopping Mueller, em Curitiba. O lan\u00e7amento, realizado na \u00faltima sexta-feira (12), reuniu convidados e atletas patrocinados pela marca, como a tricampe\u00e3 mundial de Beach Tennis, Marcela Vita. Ap\u00f3s 42 anos de hist\u00f3ria e nove lojas pr\u00f3prias, a [&hellip;]<\/p>\n","protected":false},"author":1,"featured_media":4964,"comment_status":"open","ping_status":"open","sticky":false,"template":"","format":"standard","meta":{"footnotes":""},"categories":[29,424],"tags":[],"class_list":["post-4963","post","type-post","status-publish","format-standard","has-post-thumbnail","hentry","category-artigos","category-curitiba"],"_links":{"self":[{"href":"https:\/\/diarioparanaense.com\/index.php?rest_route=\/wp\/v2\/posts\/4963","targetHints":{"allow":["GET"]}}],"collection":[{"href":"https:\/\/diarioparanaense.com\/index.php?rest_route=\/wp\/v2\/posts"}],"about":[{"href":"https:\/\/diarioparanaense.com\/index.php?rest_route=\/wp\/v2\/types\/post"}],"author":[{"embeddable":true,"href":"https:\/\/diarioparanaense.com\/index.php?rest_route=\/wp\/v2\/users\/1"}],"replies":[{"embeddable":true,"href":"https:\/\/diarioparanaense.com\/index.php?rest_route=%2Fwp%2Fv2%2Fcomments&post=4963"}],"version-history":[{"count":1,"href":"https:\/\/diarioparanaense.com\/index.php?rest_route=\/wp\/v2\/posts\/4963\/revisions"}],"predecessor-version":[{"id":4965,"href":"https:\/\/diarioparanaense.com\/index.php?rest_route=\/wp\/v2\/posts\/4963\/revisions\/4965"}],"wp:featuredmedia":[{"embeddable":true,"href":"https:\/\/diarioparanaense.com\/index.php?rest_route=\/wp\/v2\/media\/4964"}],"wp:attachment":[{"href":"https:\/\/diarioparanaense.com\/index.php?rest_route=%2Fwp%2Fv2%2Fmedia&parent=4963"}],"wp:term":[{"taxonomy":"category","embeddable":true,"href":"https:\/\/diarioparanaense.com\/index.php?rest_route=%2Fwp%2Fv2%2Fcategories&post=4963"},{"taxonomy":"post_tag","embeddable":true,"href":"https:\/\/diarioparanaense.com\/index.php?rest_route=%2Fwp%2Fv2%2Ftags&post=4963"}],"curies":[{"name":"wp","href":"https:\/\/api.w.org\/{rel}","templated":true}]}}