{"id":4954,"date":"2025-09-11T16:49:43","date_gmt":"2025-09-11T19:49:43","guid":{"rendered":"https:\/\/diarioparanaense.com\/?p=4954"},"modified":"2025-09-11T16:49:44","modified_gmt":"2025-09-11T19:49:44","slug":"toda-comunicacao-celebra-22-anos-com-evento-especial","status":"publish","type":"post","link":"https:\/\/diarioparanaense.com\/?p=4954","title":{"rendered":"TODA Comunica\u00e7\u00e3o celebra 22 anos com evento especial"},"content":{"rendered":"\n<p>O que voc\u00ea estava fazendo em 2003? H\u00e1 mais de duas d\u00e9cadas, uma estudante de jornalismo decidiu empreender com a cara, a coragem e a paix\u00e3o por dar voz a hist\u00f3rias que mereciam ser contadas. Assim nasceu a TODA Comunica\u00e7\u00e3o, fundada por Ver\u00f4nica Pacheco, que mal poderia imaginar que, em 3 de setembro de 2025, estaria comemorando 22 anos de atua\u00e7\u00e3o ininterrupta ao lado de clientes que confiam e acreditam no poder da assessoria de imprensa.<\/p>\n\n\n\n<p>O evento aconteceu na sede da Flow Contabilidade, gentilmente cedida por Danilo Fermino, cliente da ag\u00eancia. Um espa\u00e7o aconchegante e tradicional em encontros empresariais, que se mostrou o cen\u00e1rio perfeito para marcar esta data hist\u00f3rica.<\/p>\n\n\n\n<p>A celebra\u00e7\u00e3o foi \u00edntima, cheia de significado e boas hist\u00f3rias. Os convidados foram recepcionados pelo olhar atento do fot\u00f3grafo e videomaker Bruno Soares, e um buffet de boas-vindas preparado por Danielle Jacob, da F\u00e1brica de Grandes Sonhos.<\/p>\n\n\n\n<p class=\"has-medium-font-size\">Quem esteve presente?<\/p>\n\n\n\n<p>Entre os clientes e parceiros que prestigiaram a noite, estiveram:<\/p>\n\n\n\n<p>\u2022 Bruna Espairane, estrat\u00e9gia e marketing jur\u00eddico;<br>\u2022 Bruno Castro, automa\u00e7\u00e3o empresarial e IA, do Grupo Savel;<br>\u2022 Danilo Fermino, da Flow Contabilidade;<br>\u2022 Henrique Hollanda, advogado de fam\u00edlia e ex-cliente da TODA, agora retornando para a casa.<br>\u2022Jefferson Nascimento da Silva, advogado criminalista;<br>\u2022 J\u00falio C\u00e9sar Pires, advogado criminalista;<br>\u2022 Luti Christ\u00f3foro, psic\u00f3logo cl\u00ednico;<br>\u2022 Ren\u00ea Skaraboto, hipnoterapeuta da Hipnose Para Todos;<br>\u2022 Tayssa Ozon, advogada da Ozon &amp; Tommasi, Advocacia Previdenci\u00e1ria;<br>\u2022 Valdemiro Kreusch, gest\u00e3o jur\u00eddica e CVO do Grupo \u00c9OS;<\/p>\n\n\n\n<p class=\"has-medium-font-size\">Depoimentos que inspiram<\/p>\n\n\n\n<p>Clientes de longa data, como Ren\u00ea Skaraboto e Luti Christ\u00f3foro, destacaram o impacto da assessoria de imprensa na constru\u00e7\u00e3o de suas identidades profissionais, ampliando a visibilidade e fortalecendo suas marcas.<\/p>\n\n\n\n<p>Bruna Espairane, h\u00e1 apenas tr\u00eas meses com a TODA, tamb\u00e9m trouxe seu depoimento: em pouco tempo j\u00e1 percebe resultados consistentes, ressaltando o quanto a assessoria pode acelerar o posicionamento de profissionais liberais e escrit\u00f3rios de advocacia.<\/p>\n\n\n\n<p>Bruno Castro foi al\u00e9m: Falou sobre sua trajet\u00f3ria ao lado da ag\u00eancia e conduziu uma din\u00e2mica de Programa\u00e7\u00e3o Neurolingu\u00edstica (PNL), que ajudou os convidados a se fortalecerem para futuras entrevistas e apari\u00e7\u00f5es em m\u00eddia.<\/p>\n\n\n\n<p class=\"has-medium-font-size\">A nova fase da TODA<\/p>\n\n\n\n<p>O ponto alto foi o discurso de Ver\u00f4nica Pacheco, que relembrou os desafios, conquistas e aprendizados da trajet\u00f3ria de 22 anos. Mais que celebrar, ela aproveitou para anunciar a nova fase da ag\u00eancia, com posicionamento cada vez mais voltado \u00e0 advocacia e ao setor jur\u00eddico \u2014 um movimento natural ap\u00f3s anos de experi\u00eancia consolidando advogados como refer\u00eancia nacional.<\/p>\n\n\n\n<p>\u201cA comunica\u00e7\u00e3o evoluiu, o mercado mudou, e a TODA tamb\u00e9m se transforma. Nossa miss\u00e3o \u00e9 continuar sendo ponte entre profissionais e a imprensa, mas agora com olhar ainda mais estrat\u00e9gico para o universo jur\u00eddico. Afinal, informa\u00e7\u00e3o de qualidade n\u00e3o s\u00f3 posiciona, como tamb\u00e9m educa, inspira e transforma a sociedade. \u00c9 isso que queremos levar para os pr\u00f3ximos anos.\u201d \u2014 Ver\u00f4nica Pacheco<\/p>\n\n\n\n<p class=\"has-medium-font-size\">Bastidores e boas hist\u00f3rias<\/p>\n\n\n\n<p>O mais novo integrante da equipe, o jornalista e assessor de imprensa Aroldo Glomb, tamb\u00e9m deixou sua marca. Com sua experi\u00eancia, relembrou hist\u00f3rias curiosas da profiss\u00e3o e refor\u00e7ou a import\u00e2ncia de acreditar em um trabalho de comunica\u00e7\u00e3o cont\u00ednuo para que os resultados sejam sustent\u00e1veis no m\u00e9dio e longo prazo.<\/p>\n\n\n\n<p class=\"has-medium-font-size\">Muito al\u00e9m de uma comemora\u00e7\u00e3o<\/p>\n\n\n\n<p>O encontro ultrapassou a barreira da comemora\u00e7\u00e3o e ficou muito pr\u00f3ximo de um momento de reconhecimento, com muita troca de experi\u00eancias e, principalmente, de fortalecimento na rela\u00e7\u00e3o da TODA com seus clientes e parceiros.<\/p>\n\n\n\n<p><strong>Servi\u00e7o: Toda Comunica\u00e7\u00e3o<br><\/strong>Ver\u00f4nica Pacheco<br>Jornalista<br>41.98846-9535<br>@agenciatodacomunicacao<br><a href=\"https:\/\/todacomunicacao.com.br\/\">https:\/\/todacomunicacao.com.br\/<\/a><\/p>\n","protected":false},"excerpt":{"rendered":"<p>O que voc\u00ea estava fazendo em 2003? H\u00e1 mais de duas d\u00e9cadas, uma estudante de jornalismo decidiu empreender com a cara, a coragem e a paix\u00e3o por dar voz a hist\u00f3rias que mereciam ser contadas. Assim nasceu a TODA Comunica\u00e7\u00e3o, fundada por Ver\u00f4nica Pacheco, que mal poderia imaginar que, em 3 de setembro de 2025, [&hellip;]<\/p>\n","protected":false},"author":1,"featured_media":4955,"comment_status":"open","ping_status":"open","sticky":false,"template":"","format":"standard","meta":{"footnotes":""},"categories":[29],"tags":[],"class_list":["post-4954","post","type-post","status-publish","format-standard","has-post-thumbnail","hentry","category-artigos"],"_links":{"self":[{"href":"https:\/\/diarioparanaense.com\/index.php?rest_route=\/wp\/v2\/posts\/4954","targetHints":{"allow":["GET"]}}],"collection":[{"href":"https:\/\/diarioparanaense.com\/index.php?rest_route=\/wp\/v2\/posts"}],"about":[{"href":"https:\/\/diarioparanaense.com\/index.php?rest_route=\/wp\/v2\/types\/post"}],"author":[{"embeddable":true,"href":"https:\/\/diarioparanaense.com\/index.php?rest_route=\/wp\/v2\/users\/1"}],"replies":[{"embeddable":true,"href":"https:\/\/diarioparanaense.com\/index.php?rest_route=%2Fwp%2Fv2%2Fcomments&post=4954"}],"version-history":[{"count":1,"href":"https:\/\/diarioparanaense.com\/index.php?rest_route=\/wp\/v2\/posts\/4954\/revisions"}],"predecessor-version":[{"id":4956,"href":"https:\/\/diarioparanaense.com\/index.php?rest_route=\/wp\/v2\/posts\/4954\/revisions\/4956"}],"wp:featuredmedia":[{"embeddable":true,"href":"https:\/\/diarioparanaense.com\/index.php?rest_route=\/wp\/v2\/media\/4955"}],"wp:attachment":[{"href":"https:\/\/diarioparanaense.com\/index.php?rest_route=%2Fwp%2Fv2%2Fmedia&parent=4954"}],"wp:term":[{"taxonomy":"category","embeddable":true,"href":"https:\/\/diarioparanaense.com\/index.php?rest_route=%2Fwp%2Fv2%2Fcategories&post=4954"},{"taxonomy":"post_tag","embeddable":true,"href":"https:\/\/diarioparanaense.com\/index.php?rest_route=%2Fwp%2Fv2%2Ftags&post=4954"}],"curies":[{"name":"wp","href":"https:\/\/api.w.org\/{rel}","templated":true}]}}