{"id":4945,"date":"2025-09-11T16:38:45","date_gmt":"2025-09-11T19:38:45","guid":{"rendered":"https:\/\/diarioparanaense.com\/?p=4945"},"modified":"2025-09-11T16:38:46","modified_gmt":"2025-09-11T19:38:46","slug":"pesquisa-qualitativa-em-tempos-de-polarizacao-mostra-caminhos-para-entender-narrativas-divergentes","status":"publish","type":"post","link":"https:\/\/diarioparanaense.com\/?p=4945","title":{"rendered":"Pesquisa qualitativa em tempos de polariza\u00e7\u00e3o mostra caminhos para entender narrativas divergentes"},"content":{"rendered":"\n<p class=\"has-medium-font-size\">Estudo conduzido por Erica Lima destaca como ouvir diferentes vozes em um cen\u00e1rio de opini\u00f5es extremas pode revelar n\u00e3o apenas tens\u00f5es sociais, mas tamb\u00e9m possibilidades de di\u00e1logo<\/p>\n\n\n\n<p>Em um momento em que a polariza\u00e7\u00e3o pol\u00edtica e social marca as conversas no Brasil e no mundo, a pesquisa qualitativa se mostra uma ferramenta essencial para compreender como as pessoas constroem suas vis\u00f5es de mundo e \u201cverdades\u201d. Erica Lima, especialista em pesquisa de opini\u00e3o e comportamento social, apresenta reflex\u00f5es sobre os desafios e as oportunidades de investigar narrativas t\u00e3o distintas em um mesmo campo de estudo.<\/p>\n\n\n\n<p>\u201cA escuta qualitativa nos permite acessar n\u00e3o s\u00f3 o que as pessoas pensam, mas tamb\u00e9m como elas sentem e justificam suas cren\u00e7as. Em contextos polarizados, essa escuta revela tens\u00f5es profundas, mas tamb\u00e9m mostra pontos de encontro que muitas vezes passam despercebidos\u201d, afirma Erica Lima.<\/p>\n\n\n\n<p>Segundo ela, o trabalho do pesquisador demanda aten\u00e7\u00e3o redobrada para os limites \u00e9ticos e metodol\u00f3gicos: \u201cOuvir os dois lados n\u00e3o significa relativizar discursos, mas entender as estruturas que sustentam essas narrativas. Nosso papel \u00e9 iluminar a complexidade social, sem simplifica\u00e7\u00f5es f\u00e1ceis ou julgamentos apressados.\u201d<\/p>\n\n\n\n<p>A discuss\u00e3o sobre a pesquisa qualitativa em tempos de polariza\u00e7\u00e3o prop\u00f5e, portanto, uma reflex\u00e3o urgente: como produzir conhecimento que n\u00e3o apenas descreva opini\u00f5es extremas, mas que ajude a sociedade a se reconhecer em sua diversidade de vozes.<\/p>\n\n\n\n<p class=\"has-medium-font-size\">SOBRE ERICA LIMA<\/p>\n\n\n\n<p>\u00c9rica Lima Barbosa \u00e9 empres\u00e1ria, pesquisadora, escritora e assistente social. CEO do Portal O Convergente, atua na \u00e1rea de consultoria em ensino, pesquisa e m\u00eddias. \u00c9 mestre em Sa\u00fade, Sociedade e Endemias na Amaz\u00f4nia (Fiocruz Amaz\u00f4nia\/UFAM), com mais de dez anos de experi\u00eancia em pesquisa eleitoral qualitativa e an\u00e1lise de discurso. Especialista em hist\u00f3ria oral, desenvolve pesquisas em regi\u00f5es remotas da Amaz\u00f4nia. Apresenta o programa Debate Pol\u00edtico na Rede Onda Digital e \u00e9 Diretora de Comunica\u00e7\u00e3o da AJEB-AM, promovendo a valoriza\u00e7\u00e3o da produ\u00e7\u00e3o intelectual feminina&nbsp;no&nbsp;estado.<\/p>\n","protected":false},"excerpt":{"rendered":"<p>Estudo conduzido por Erica Lima destaca como ouvir diferentes vozes em um cen\u00e1rio de opini\u00f5es extremas pode revelar n\u00e3o apenas tens\u00f5es sociais, mas tamb\u00e9m possibilidades de di\u00e1logo Em um momento em que a polariza\u00e7\u00e3o pol\u00edtica e social marca as conversas no Brasil e no mundo, a pesquisa qualitativa se mostra uma ferramenta essencial para compreender [&hellip;]<\/p>\n","protected":false},"author":1,"featured_media":4946,"comment_status":"open","ping_status":"open","sticky":false,"template":"","format":"standard","meta":{"footnotes":""},"categories":[29],"tags":[],"class_list":["post-4945","post","type-post","status-publish","format-standard","has-post-thumbnail","hentry","category-artigos"],"_links":{"self":[{"href":"https:\/\/diarioparanaense.com\/index.php?rest_route=\/wp\/v2\/posts\/4945","targetHints":{"allow":["GET"]}}],"collection":[{"href":"https:\/\/diarioparanaense.com\/index.php?rest_route=\/wp\/v2\/posts"}],"about":[{"href":"https:\/\/diarioparanaense.com\/index.php?rest_route=\/wp\/v2\/types\/post"}],"author":[{"embeddable":true,"href":"https:\/\/diarioparanaense.com\/index.php?rest_route=\/wp\/v2\/users\/1"}],"replies":[{"embeddable":true,"href":"https:\/\/diarioparanaense.com\/index.php?rest_route=%2Fwp%2Fv2%2Fcomments&post=4945"}],"version-history":[{"count":1,"href":"https:\/\/diarioparanaense.com\/index.php?rest_route=\/wp\/v2\/posts\/4945\/revisions"}],"predecessor-version":[{"id":4947,"href":"https:\/\/diarioparanaense.com\/index.php?rest_route=\/wp\/v2\/posts\/4945\/revisions\/4947"}],"wp:featuredmedia":[{"embeddable":true,"href":"https:\/\/diarioparanaense.com\/index.php?rest_route=\/wp\/v2\/media\/4946"}],"wp:attachment":[{"href":"https:\/\/diarioparanaense.com\/index.php?rest_route=%2Fwp%2Fv2%2Fmedia&parent=4945"}],"wp:term":[{"taxonomy":"category","embeddable":true,"href":"https:\/\/diarioparanaense.com\/index.php?rest_route=%2Fwp%2Fv2%2Fcategories&post=4945"},{"taxonomy":"post_tag","embeddable":true,"href":"https:\/\/diarioparanaense.com\/index.php?rest_route=%2Fwp%2Fv2%2Ftags&post=4945"}],"curies":[{"name":"wp","href":"https:\/\/api.w.org\/{rel}","templated":true}]}}