{"id":4942,"date":"2025-09-11T16:35:56","date_gmt":"2025-09-11T19:35:56","guid":{"rendered":"https:\/\/diarioparanaense.com\/?p=4942"},"modified":"2025-09-11T16:35:57","modified_gmt":"2025-09-11T19:35:57","slug":"5-dicas-para-melhorar-a-relacao-entre-pais-e-filhos-na-adolescencia","status":"publish","type":"post","link":"https:\/\/diarioparanaense.com\/?p=4942","title":{"rendered":"5 dicas para melhorar a rela\u00e7\u00e3o entre pais e filhos na adolesc\u00eancia"},"content":{"rendered":"\n<p class=\"has-medium-font-size\">Psic\u00f3loga enumera os desafios durante a transi\u00e7\u00e3o da inf\u00e2ncia para a fase adulta<\/p>\n\n\n\n<p>A adolesc\u00eancia \u00e9 uma fase de intensa transforma\u00e7\u00e3o entre a inf\u00e2ncia e a vida adulta e \u00e9 marcada por uma s\u00e9rie de desafios que moldam a identidade e o futuro dos jovens. A express\u00e3o \u201caborresc\u00eancia\u201d virou uma forma simplista, e at\u00e9 cruel, de definir esse per\u00edodo da vida.<\/p>\n\n\n\n<p>De acordo com Cris Aguiar, psic\u00f3loga sist\u00eamica familiar, o que est\u00e1 por tr\u00e1s dessa fase vai muito al\u00e9m da rebeldia ou das mudan\u00e7as de humor. \u201cO c\u00e9rebro do adolescente est\u00e1 em intensa transforma\u00e7\u00e3o, especialmente no c\u00f3rtex pr\u00e9-frontal, regi\u00e3o ligada \u00e0 tomada de decis\u00e3o, planejamento e controle dos impulsos. Esse processo de matura\u00e7\u00e3o s\u00f3 se completa por volta dos 24 anos. Enquanto isso, os circuitos ligados \u00e0 recompensa e \u00e0 dopamina est\u00e3o em plena atividade, o que leva os adolescentes a buscar experi\u00eancias novas, intensas e muitas vezes arriscadas. Por isso, cada emo\u00e7\u00e3o, cada amizade, cada frustra\u00e7\u00e3o, \u00e9 vivida como algo grandioso. Muito distante da caricatura da \u201caborresc\u00eancia\u201d, a adolesc\u00eancia \u00e9 uma etapa vital de reorganiza\u00e7\u00e3o cerebral, social e emocional\u201d, afirma a psic\u00f3loga.<\/p>\n\n\n\n<p>Durante a adolesc\u00eancia, os filhos buscam maior autonomia e come\u00e7am a questionar regras e valores. \u00c9 nesse momento que a presen\u00e7a e a participa\u00e7\u00e3o ativa dos pais ou respons\u00e1veis faz toda a diferen\u00e7a.<\/p>\n\n\n\n<p class=\"has-medium-font-size\">O que \u00e9 mais dif\u00edcil: ser pai de adolescente ou ser adolescente?<\/p>\n\n\n\n<p>Se antes a preocupa\u00e7\u00e3o se voltava para os cuidados b\u00e1sicos e a prote\u00e7\u00e3o direta, agora os pais e m\u00e3es se deparam com a necessidade de guiar seus filhos em um labirinto de descobertas, inseguran\u00e7as e busca pela pr\u00f3pria identidade. Os adolescentes, em sua \u00e2nsia por autonomia, tendem a se afastar, questionar regras e buscar suas pr\u00f3prias opini\u00f5es. Essa rebeldia natural, muitas vezes, \u00e9 interpretada pelos pais como rejei\u00e7\u00e3o ou desrespeito, gerando conflitos e a sensa\u00e7\u00e3o de impot\u00eancia.<\/p>\n\n\n\n<p>Ser pai ou m\u00e3e de adolescente pode ser uma miss\u00e3o \u00e1rdua. Enquanto os adultos lembram dessa fase como algo j\u00e1 superado, o jovem est\u00e1 atravessando sua primeira grande crise de identidade, marcada pela busca por pertencimento, liberdade e prop\u00f3sito. Soma-se a isso um corpo em transforma\u00e7\u00e3o, uma vida emocional intensa e uma sociedade que cobra resultados imediatos.<\/p>\n\n\n\n<p>Durante a adolesc\u00eancia, a constru\u00e7\u00e3o da identidade \u00e9 um processo central, em que jovens mergulham em questionamentos sobre quem s\u00e3o, seus valores e seu prop\u00f3sito. Essa busca por autoconhecimento, aliada \u00e0 press\u00e3o de definir um futuro acad\u00eamico e profissional, cria conflitos existenciais. A dualidade entre aproveitar a juventude e planejar o futuro gera uma forte cobran\u00e7a interna, resultando em crises e inseguran\u00e7as.<\/p>\n\n\n\n<p class=\"has-medium-font-size\">5 dicas para conversar com os filhos adolescentes<\/p>\n\n\n\n<ol class=\"wp-block-list\">\n<li>N\u00e3o invalide os sentimentos do adolescente. Acolhimento \u00e9 fundamental.<\/li>\n\n\n\n<li>Enxergue essa fase como uma oportunidade de crescimento m\u00fatuo.<\/li>\n\n\n\n<li>Ajude seu filho a tomar as melhores decis\u00f5es, com escuta ativa e parceria.<\/li>\n\n\n\n<li>D\u00ea autonomia, mas sem se afastar.<\/li>\n\n\n\n<li>Explique que pode ser necess\u00e1rio um apoio terap\u00eautico. E que isso n\u00e3o \u00e9 um problema.<\/li>\n<\/ol>\n\n\n\n<p>A frase &#8220;\u00e9 s\u00f3 uma fase, vai passar&#8221; pode soar reconfortante, mas carrega o perigo de minimizar a viv\u00eancia e os sentimentos dos adolescentes. Para quem est\u00e1 passando por essa fase, cada emo\u00e7\u00e3o \u00e9 real e urgente.<br>\u201cQuando pais, professores ou cuidadores reduzem a adolesc\u00eancia a algo transit\u00f3rio, deixam de validar a experi\u00eancia do jovem e perdem a chance de construir v\u00ednculos de confian\u00e7a. Essa postura pode gerar isolamento, falta de di\u00e1logo e at\u00e9 aumentar a exposi\u00e7\u00e3o a comportamentos de risco. A adolesc\u00eancia n\u00e3o \u00e9 uma \u201cfase descart\u00e1vel\u201d, \u00e9 uma etapa fundamental do desenvolvimento, e precisa ser reconhecida como tal\u201d, explica a profissional.<\/p>\n\n\n\n<p>A adolesc\u00eancia, vista como oportunidade de crescimento m\u00fatuo em vez de conflito, permite que pais e filhos se desenvolvam juntos. Ao oferecer limites, escuta e valoriza\u00e7\u00e3o, adultos podem fortalecer la\u00e7os e ajudar jovens a amadurecer, enquanto eles mesmos ressignificam suas experi\u00eancias.<\/p>\n\n\n\n<p>Para solicitar atendimento familiar a recomenda\u00e7\u00e3o \u00e9 entrar em contato nos canais indicados no site <a href=\"https:\/\/psicrisaguiar.com.br\/\">https:\/\/psicrisaguiar.com.br\/<\/a> ou acessando o Instagram da profissional: @madrastas_psicrisaguiar.<\/p>\n","protected":false},"excerpt":{"rendered":"<p>Psic\u00f3loga enumera os desafios durante a transi\u00e7\u00e3o da inf\u00e2ncia para a fase adulta A adolesc\u00eancia \u00e9 uma fase de intensa transforma\u00e7\u00e3o entre a inf\u00e2ncia e a vida adulta e \u00e9 marcada por uma s\u00e9rie de desafios que moldam a identidade e o futuro dos jovens. A express\u00e3o \u201caborresc\u00eancia\u201d virou uma forma simplista, e at\u00e9 cruel, [&hellip;]<\/p>\n","protected":false},"author":1,"featured_media":4943,"comment_status":"open","ping_status":"open","sticky":false,"template":"","format":"standard","meta":{"footnotes":""},"categories":[29],"tags":[],"class_list":["post-4942","post","type-post","status-publish","format-standard","has-post-thumbnail","hentry","category-artigos"],"_links":{"self":[{"href":"https:\/\/diarioparanaense.com\/index.php?rest_route=\/wp\/v2\/posts\/4942","targetHints":{"allow":["GET"]}}],"collection":[{"href":"https:\/\/diarioparanaense.com\/index.php?rest_route=\/wp\/v2\/posts"}],"about":[{"href":"https:\/\/diarioparanaense.com\/index.php?rest_route=\/wp\/v2\/types\/post"}],"author":[{"embeddable":true,"href":"https:\/\/diarioparanaense.com\/index.php?rest_route=\/wp\/v2\/users\/1"}],"replies":[{"embeddable":true,"href":"https:\/\/diarioparanaense.com\/index.php?rest_route=%2Fwp%2Fv2%2Fcomments&post=4942"}],"version-history":[{"count":1,"href":"https:\/\/diarioparanaense.com\/index.php?rest_route=\/wp\/v2\/posts\/4942\/revisions"}],"predecessor-version":[{"id":4944,"href":"https:\/\/diarioparanaense.com\/index.php?rest_route=\/wp\/v2\/posts\/4942\/revisions\/4944"}],"wp:featuredmedia":[{"embeddable":true,"href":"https:\/\/diarioparanaense.com\/index.php?rest_route=\/wp\/v2\/media\/4943"}],"wp:attachment":[{"href":"https:\/\/diarioparanaense.com\/index.php?rest_route=%2Fwp%2Fv2%2Fmedia&parent=4942"}],"wp:term":[{"taxonomy":"category","embeddable":true,"href":"https:\/\/diarioparanaense.com\/index.php?rest_route=%2Fwp%2Fv2%2Fcategories&post=4942"},{"taxonomy":"post_tag","embeddable":true,"href":"https:\/\/diarioparanaense.com\/index.php?rest_route=%2Fwp%2Fv2%2Ftags&post=4942"}],"curies":[{"name":"wp","href":"https:\/\/api.w.org\/{rel}","templated":true}]}}