{"id":4939,"date":"2025-09-10T14:04:00","date_gmt":"2025-09-10T17:04:00","guid":{"rendered":"https:\/\/diarioparanaense.com\/?p=4939"},"modified":"2025-09-10T14:04:01","modified_gmt":"2025-09-10T17:04:01","slug":"valorizar-a-educacao-infantil-e-investir-no-futuro","status":"publish","type":"post","link":"https:\/\/diarioparanaense.com\/?p=4939","title":{"rendered":"Valorizar a Educa\u00e7\u00e3o Infantil \u00e9 Investir no Futuro"},"content":{"rendered":"\n<p>Por Esther Cristina Pereira*<\/p>\n\n\n\n<p>A educa\u00e7\u00e3o infantil \u00e9 uma fase \u00fanica e decisiva na vida de qualquer crian\u00e7a. \u00c9 nela que se constroem as bases do aprendizado, da socializa\u00e7\u00e3o e do desenvolvimento humano. Participar desse processo \u00e9 um privil\u00e9gio, e todos os adultos respons\u00e1veis por crian\u00e7as t\u00eam o dever de compreender e valorizar o que acontece nesse per\u00edodo.<\/p>\n\n\n\n<p>O princ\u00edpio fundamental da educa\u00e7\u00e3o infantil \u00e9 o brincar. Mas brincar, dentro de um ambiente estruturado e acolhedor, vai muito al\u00e9m da divers\u00e3o. \u00c9 por meio das brincadeiras que a crian\u00e7a explora o mundo, testa ideias, aprende limites e regras, socializa e desenvolve habilidades essenciais como empatia, criatividade e vocabul\u00e1rio. Cada gesto, cada descoberta, cada intera\u00e7\u00e3o contribui para a forma\u00e7\u00e3o de um ser humano capaz de aprender e se relacionar de maneira saud\u00e1vel.<\/p>\n\n\n\n<p>Mais do que divers\u00e3o, o brincar na educa\u00e7\u00e3o infantil \u00e9 aprendizado em a\u00e7\u00e3o. Profissionais qualificados observam cada detalhe do desenvolvimento da crian\u00e7a, identificando sinais que muitas vezes passam despercebidos pelos pais. \u00c9 nesse acompanhamento atento que se percebem necessidades espec\u00edficas, se estimulam capacidades ainda incipientes e se previnem dificuldades futuras. Alimenta\u00e7\u00e3o equilibrada, rotina bem organizada e aten\u00e7\u00e3o integral ao desenvolvimento formam um conjunto que fortalece a crian\u00e7a em todos os sentidos.<\/p>\n\n\n\n<p>Infelizmente, a educa\u00e7\u00e3o infantil no Brasil ainda enfrenta desafios s\u00e9rios. Muitas creches est\u00e3o superlotadas, e h\u00e1 quem enxergue essa fase apenas como um espa\u00e7o de cuidado tempor\u00e1rio, ignorando sua dimens\u00e3o educativa. Essa vis\u00e3o \u00e9 limitada e antiquada: educa\u00e7\u00e3o infantil bem feita \u00e9 fundamental para o desenvolvimento integral, e n\u00e3o apenas uma prepara\u00e7\u00e3o para etapas seguintes. Rever conceitos e valorizar educadores \u00e9 imprescind\u00edvel para que todas as crian\u00e7as tenham acesso a experi\u00eancias ricas e significativas desde cedo.<\/p>\n\n\n\n<p>O per\u00edodo dos 0 aos 5 anos \u00e9 crucial para o desenvolvimento cerebral. Crian\u00e7as que t\u00eam est\u00edmulos adequados, desafios l\u00fadicos e acompanhamento especializado desenvolvem habilidades cognitivas, sociais e emocionais que se refletem em toda a trajet\u00f3ria escolar e na vida adulta. Cada descoberta, cada desafio, cada experi\u00eancia vivida nessa fase contribui para formar indiv\u00edduos mais curiosos, criativos e preparados para o mundo.<\/p>\n\n\n\n<p>Valorizar a educa\u00e7\u00e3o infantil \u00e9, acima de tudo, reconhecer a sua import\u00e2ncia para a vida. N\u00e3o se trata apenas de preparar crian\u00e7as para a escola ou a universidade, mas de oferecer condi\u00e7\u00f5es para que se tornem pessoas plenas, \u00e9ticas, criativas e capazes de interagir com o mundo de forma consciente. Investir na primeira inf\u00e2ncia \u00e9 investir no futuro de cada crian\u00e7a e na constru\u00e7\u00e3o de uma sociedade mais justa, equilibrada e preparada para os desafios do s\u00e9culo XXI.<\/p>\n\n\n\n<p>*Esther Cristina Pereira \u00e9 pedagoga, psicopedagoga, professora, diretora da Federa\u00e7\u00e3o Nacional das Escolas Particulares (FENEP) e diretora educacional do Instituto Destino&nbsp;Brasil.<\/p>\n","protected":false},"excerpt":{"rendered":"<p>Por Esther Cristina Pereira* A educa\u00e7\u00e3o infantil \u00e9 uma fase \u00fanica e decisiva na vida de qualquer crian\u00e7a. \u00c9 nela que se constroem as bases do aprendizado, da socializa\u00e7\u00e3o e do desenvolvimento humano. Participar desse processo \u00e9 um privil\u00e9gio, e todos os adultos respons\u00e1veis por crian\u00e7as t\u00eam o dever de compreender e valorizar o que [&hellip;]<\/p>\n","protected":false},"author":1,"featured_media":4940,"comment_status":"open","ping_status":"open","sticky":false,"template":"","format":"standard","meta":{"footnotes":""},"categories":[29,148],"tags":[],"class_list":["post-4939","post","type-post","status-publish","format-standard","has-post-thumbnail","hentry","category-artigos","category-educacao"],"_links":{"self":[{"href":"https:\/\/diarioparanaense.com\/index.php?rest_route=\/wp\/v2\/posts\/4939","targetHints":{"allow":["GET"]}}],"collection":[{"href":"https:\/\/diarioparanaense.com\/index.php?rest_route=\/wp\/v2\/posts"}],"about":[{"href":"https:\/\/diarioparanaense.com\/index.php?rest_route=\/wp\/v2\/types\/post"}],"author":[{"embeddable":true,"href":"https:\/\/diarioparanaense.com\/index.php?rest_route=\/wp\/v2\/users\/1"}],"replies":[{"embeddable":true,"href":"https:\/\/diarioparanaense.com\/index.php?rest_route=%2Fwp%2Fv2%2Fcomments&post=4939"}],"version-history":[{"count":1,"href":"https:\/\/diarioparanaense.com\/index.php?rest_route=\/wp\/v2\/posts\/4939\/revisions"}],"predecessor-version":[{"id":4941,"href":"https:\/\/diarioparanaense.com\/index.php?rest_route=\/wp\/v2\/posts\/4939\/revisions\/4941"}],"wp:featuredmedia":[{"embeddable":true,"href":"https:\/\/diarioparanaense.com\/index.php?rest_route=\/wp\/v2\/media\/4940"}],"wp:attachment":[{"href":"https:\/\/diarioparanaense.com\/index.php?rest_route=%2Fwp%2Fv2%2Fmedia&parent=4939"}],"wp:term":[{"taxonomy":"category","embeddable":true,"href":"https:\/\/diarioparanaense.com\/index.php?rest_route=%2Fwp%2Fv2%2Fcategories&post=4939"},{"taxonomy":"post_tag","embeddable":true,"href":"https:\/\/diarioparanaense.com\/index.php?rest_route=%2Fwp%2Fv2%2Ftags&post=4939"}],"curies":[{"name":"wp","href":"https:\/\/api.w.org\/{rel}","templated":true}]}}