{"id":4935,"date":"2025-09-09T11:11:06","date_gmt":"2025-09-09T14:11:06","guid":{"rendered":"https:\/\/diarioparanaense.com\/?p=4935"},"modified":"2025-09-09T11:47:27","modified_gmt":"2025-09-09T14:47:27","slug":"mercado-livre-inaugura-centro-de-distribuicao-em-araucaria-viabilizado-favretto-imoveis","status":"publish","type":"post","link":"https:\/\/diarioparanaense.com\/?p=4935","title":{"rendered":"Mercado Livre inaugura Centro de Distribui\u00e7\u00e3o em Arauc\u00e1ria viabilizado Favretto Im\u00f3veis"},"content":{"rendered":"\n<p class=\"has-medium-font-size\">O Mercado Livre inaugura oficialmente seu novo Centro de Distribui\u00e7\u00e3o em Arauc\u00e1ria (PR), nos pr\u00f3ximos dias, fruto de um acordo conduzido pela Favretto Im\u00f3veis no modelo built to suit (BTS), e viabilizado pela empresa paulista SP2.<\/p>\n\n\n\n<p>O contrato de loca\u00e7\u00e3o firmado pela gigante do e-commerce consolida a presen\u00e7a da empresa no Paran\u00e1 como um dos principais polos log\u00edsticos da regi\u00e3o.<\/p>\n\n\n\n<p>O empreendimento recebeu investimento de R$ 120 milh\u00f5es para aquisi\u00e7\u00e3o do im\u00f3vel, que possui \u00e1rea total de aproximadamente 400 mil m\u00b2. A respons\u00e1vel pela constru\u00e7\u00e3o do barrac\u00e3o log\u00edstico, com 92.630 m\u00b2 \u00e9 a empresa investidora HSI.<\/p>\n\n\n\n<p>O empreendimento contou com o apoio da Prefeitura Municipal de Arauc\u00e1ria e vai gerar milhares de empregos, somando vagas diretas e indiretas. O Centro de Distribui\u00e7\u00e3o vai funcionar 24 horas por dia, em tr\u00eas turnos, e contar\u00e1 com um p\u00e1tio de 100mil m\u00b2, com capacidade para receber centenas de ve\u00edculos quando estiver em plena opera\u00e7\u00e3o.<\/p>\n\n\n\n<p class=\"has-medium-font-size\">Viabiliza\u00e7\u00e3o do projeto<\/p>\n\n\n\n<p>Para viabilizar o projeto, a Favretto Im\u00f3veis atuou na intermedia\u00e7\u00e3o e aglutina\u00e7\u00e3o dos terrenos, que pertenciam a seis propriet\u00e1rios \u2013 incluindo a pr\u00f3pria empresa. \u201c\u00c9 muito importante destacar que a Favretto foi a respons\u00e1vel por intermediar e unir os propriet\u00e1rios, algo in\u00e9dito mesmo para n\u00f3s, que j\u00e1 realizamos diversas opera\u00e7\u00f5es semelhantes\u201d, afirma Jorge Favretto, s\u00f3cio-fundador da Favretto Im\u00f3veis.<\/p>\n\n\n\n<p>Jorge Favretto acrescenta: \u201cO grande diferencial foi conquistar a confian\u00e7a de todos os propriet\u00e1rios para viabilizar a negocia\u00e7\u00e3o. Isso s\u00f3 foi poss\u00edvel pela credibilidade que temos no mercado e pela experi\u00eancia acumulada em opera\u00e7\u00f5es desse porte.\u201d<\/p>\n\n\n\n<p>Com o novo Centro de Distribui\u00e7\u00e3o, Arauc\u00e1ria refor\u00e7a seu papel estrat\u00e9gico na log\u00edstica paranaense e nacional, e o Mercado Livre d\u00e1 mais um passo no fortalecimento da infraestrutura que sustenta seu crescimento acelerado&nbsp;no&nbsp;Brasil.<\/p>\n","protected":false},"excerpt":{"rendered":"<p>O Mercado Livre inaugura oficialmente seu novo Centro de Distribui\u00e7\u00e3o em Arauc\u00e1ria (PR), nos pr\u00f3ximos dias, fruto de um acordo conduzido pela Favretto Im\u00f3veis no modelo built to suit (BTS), e viabilizado pela empresa paulista SP2. O contrato de loca\u00e7\u00e3o firmado pela gigante do e-commerce consolida a presen\u00e7a da empresa no Paran\u00e1 como um dos [&hellip;]<\/p>\n","protected":false},"author":1,"featured_media":4936,"comment_status":"open","ping_status":"open","sticky":false,"template":"","format":"standard","meta":{"footnotes":""},"categories":[29,324],"tags":[],"class_list":["post-4935","post","type-post","status-publish","format-standard","has-post-thumbnail","hentry","category-artigos","category-negocios"],"_links":{"self":[{"href":"https:\/\/diarioparanaense.com\/index.php?rest_route=\/wp\/v2\/posts\/4935","targetHints":{"allow":["GET"]}}],"collection":[{"href":"https:\/\/diarioparanaense.com\/index.php?rest_route=\/wp\/v2\/posts"}],"about":[{"href":"https:\/\/diarioparanaense.com\/index.php?rest_route=\/wp\/v2\/types\/post"}],"author":[{"embeddable":true,"href":"https:\/\/diarioparanaense.com\/index.php?rest_route=\/wp\/v2\/users\/1"}],"replies":[{"embeddable":true,"href":"https:\/\/diarioparanaense.com\/index.php?rest_route=%2Fwp%2Fv2%2Fcomments&post=4935"}],"version-history":[{"count":2,"href":"https:\/\/diarioparanaense.com\/index.php?rest_route=\/wp\/v2\/posts\/4935\/revisions"}],"predecessor-version":[{"id":4938,"href":"https:\/\/diarioparanaense.com\/index.php?rest_route=\/wp\/v2\/posts\/4935\/revisions\/4938"}],"wp:featuredmedia":[{"embeddable":true,"href":"https:\/\/diarioparanaense.com\/index.php?rest_route=\/wp\/v2\/media\/4936"}],"wp:attachment":[{"href":"https:\/\/diarioparanaense.com\/index.php?rest_route=%2Fwp%2Fv2%2Fmedia&parent=4935"}],"wp:term":[{"taxonomy":"category","embeddable":true,"href":"https:\/\/diarioparanaense.com\/index.php?rest_route=%2Fwp%2Fv2%2Fcategories&post=4935"},{"taxonomy":"post_tag","embeddable":true,"href":"https:\/\/diarioparanaense.com\/index.php?rest_route=%2Fwp%2Fv2%2Ftags&post=4935"}],"curies":[{"name":"wp","href":"https:\/\/api.w.org\/{rel}","templated":true}]}}