{"id":4914,"date":"2025-09-05T11:07:07","date_gmt":"2025-09-05T14:07:07","guid":{"rendered":"https:\/\/diarioparanaense.com\/?p=4914"},"modified":"2025-09-05T11:07:08","modified_gmt":"2025-09-05T14:07:08","slug":"setembro-amarelo-o-que-a-psicologia-analitica-nos-revela-sobre-prevencao-ao-suicidio","status":"publish","type":"post","link":"https:\/\/diarioparanaense.com\/?p=4914","title":{"rendered":"Setembro Amarelo: o que a psicologia anal\u00edtica nos revela sobre preven\u00e7\u00e3o ao suic\u00eddio?"},"content":{"rendered":"\n<p>O Setembro Amarelo nos lembra da import\u00e2ncia de falar sobre um tema sens\u00edvel e doloroso, mas que precisa ser encarado com coragem: o suic\u00eddio. O tema segue urgente no Brasil, pois dados do Minist\u00e9rio da Sa\u00fade mostram que o SUS registrou mais de 11 mil interna\u00e7\u00f5es por tentativas de suic\u00eddio no ultimo ano. Os adolescentes est\u00e3o em uma faixa ainda mais preocupante: cerca de mil jovens de 10 a 19 anos morrem por suic\u00eddio anualmente no pa\u00eds, principalmente entre 15 e 19 anos.<\/p>\n\n\n\n<p>Para o psic\u00f3logo cl\u00ednico Luti Christ\u00f3foro, que atua com base na Psicologia Anal\u00edtica de Carl Gustav Jung, esses n\u00fameros revelam mais que estat\u00edsticas. \u201cA idea\u00e7\u00e3o suicida n\u00e3o expressa apenas o desejo de morrer, mas, muitas vezes, a necessidade de transformar algo que se tornou insuport\u00e1vel na vida ps\u00edquica. O que o paciente quer matar n\u00e3o \u00e9 a pr\u00f3pria vida, mas uma parte de si que adoeceu\u201d, afirma.<\/p>\n\n\n\n<p>Christ\u00f3foro recorda situa\u00e7\u00f5es cl\u00ednicas em que o acolhimento terap\u00eautico fez a diferen\u00e7a. \u201cUm jovem, pressionado por cobran\u00e7as acad\u00eamicas, acreditava que desaparecer era a \u00fanica sa\u00edda. No processo, percebeu que n\u00e3o precisava matar a si mesmo, mas sim os padr\u00f5es irreais que o aprisionavam. J\u00e1 uma mulher em depress\u00e3o ap\u00f3s o div\u00f3rcio descobriu no vazio um espa\u00e7o f\u00e9rtil para reconstruir sua identidade\u201d, relata.<\/p>\n\n\n\n<p class=\"has-medium-font-size\">Setembro Amarelo \u00e9 importante, mas precisa ser refor\u00e7ado<\/p>\n\n\n\n<p>Apesar do avan\u00e7o de campanhas como o Setembro Amarelo, estudos apontam que as taxas de suic\u00eddio seguem em alta no Brasil, chegando a 14 mil mortes anuais \u2014 o equivalente a 31 vidas perdidas por dia.<\/p>\n\n\n\n<p>Para Christ\u00f3foro, o caminho est\u00e1 no di\u00e1logo cont\u00ednuo: \u201cFalar sobre suic\u00eddio n\u00e3o aumenta o risco, pelo contr\u00e1rio: quebra o sil\u00eancio e abre espa\u00e7o para que a dor encontre acolhimento. Prevenir o suic\u00eddio \u00e9, antes de tudo, resgatar a vida que ainda pulsa em quem sofre.<\/p>\n\n\n\n<p>O psic\u00f3logo ainda refor\u00e7a que mais do que evitar a morte, o Setembro Amarelo \u00e9 o momento ideal para resgatar a vida que ainda pulsa dentro de quem sofre: \u201cSempre existe uma sa\u00edda que n\u00e3o passa pela autodestrui\u00e7\u00e3o. Enquanto houver escuta, amor e disponibilidade para caminhar junto, haver\u00e1 esperan\u00e7a\u201d.<\/p>\n\n\n\n<p>Luti Christ\u00f3foro refor\u00e7a tamb\u00e9m a import\u00e2ncia de redes de apoio, como o Centro de Valoriza\u00e7\u00e3o da Vida (CVV), que oferece atendimento gratuito e sigiloso pelo telefone 188, chat e e-mail.<\/p>\n\n\n\n<p><strong>Luti Christ\u00f3foro<br><\/strong>Psic\u00f3logo cl\u00ednico<br>WhatsApp: (41) 99809-8887<br>Instagram: @luti.psicologo<br>e-mail: lutipsicologo@gmail.com<br>YouTube: <a href=\"http:\/\/YouTube.com\/@lutipsicologo\">YouTube.com\/@lutipsicologo<\/a><\/p>\n","protected":false},"excerpt":{"rendered":"<p>O Setembro Amarelo nos lembra da import\u00e2ncia de falar sobre um tema sens\u00edvel e doloroso, mas que precisa ser encarado com coragem: o suic\u00eddio. O tema segue urgente no Brasil, pois dados do Minist\u00e9rio da Sa\u00fade mostram que o SUS registrou mais de 11 mil interna\u00e7\u00f5es por tentativas de suic\u00eddio no ultimo ano. Os adolescentes [&hellip;]<\/p>\n","protected":false},"author":1,"featured_media":4918,"comment_status":"open","ping_status":"open","sticky":false,"template":"","format":"standard","meta":{"footnotes":""},"categories":[29,164],"tags":[],"class_list":["post-4914","post","type-post","status-publish","format-standard","has-post-thumbnail","hentry","category-artigos","category-saude-2"],"_links":{"self":[{"href":"https:\/\/diarioparanaense.com\/index.php?rest_route=\/wp\/v2\/posts\/4914","targetHints":{"allow":["GET"]}}],"collection":[{"href":"https:\/\/diarioparanaense.com\/index.php?rest_route=\/wp\/v2\/posts"}],"about":[{"href":"https:\/\/diarioparanaense.com\/index.php?rest_route=\/wp\/v2\/types\/post"}],"author":[{"embeddable":true,"href":"https:\/\/diarioparanaense.com\/index.php?rest_route=\/wp\/v2\/users\/1"}],"replies":[{"embeddable":true,"href":"https:\/\/diarioparanaense.com\/index.php?rest_route=%2Fwp%2Fv2%2Fcomments&post=4914"}],"version-history":[{"count":1,"href":"https:\/\/diarioparanaense.com\/index.php?rest_route=\/wp\/v2\/posts\/4914\/revisions"}],"predecessor-version":[{"id":4919,"href":"https:\/\/diarioparanaense.com\/index.php?rest_route=\/wp\/v2\/posts\/4914\/revisions\/4919"}],"wp:featuredmedia":[{"embeddable":true,"href":"https:\/\/diarioparanaense.com\/index.php?rest_route=\/wp\/v2\/media\/4918"}],"wp:attachment":[{"href":"https:\/\/diarioparanaense.com\/index.php?rest_route=%2Fwp%2Fv2%2Fmedia&parent=4914"}],"wp:term":[{"taxonomy":"category","embeddable":true,"href":"https:\/\/diarioparanaense.com\/index.php?rest_route=%2Fwp%2Fv2%2Fcategories&post=4914"},{"taxonomy":"post_tag","embeddable":true,"href":"https:\/\/diarioparanaense.com\/index.php?rest_route=%2Fwp%2Fv2%2Ftags&post=4914"}],"curies":[{"name":"wp","href":"https:\/\/api.w.org\/{rel}","templated":true}]}}