{"id":4913,"date":"2025-09-05T11:10:28","date_gmt":"2025-09-05T14:10:28","guid":{"rendered":"https:\/\/diarioparanaense.com\/?p=4913"},"modified":"2025-09-05T11:10:29","modified_gmt":"2025-09-05T14:10:29","slug":"curitiba-recebe-etapa-da-olimpiada-marista-brasil-2025","status":"publish","type":"post","link":"https:\/\/diarioparanaense.com\/?p=4913","title":{"rendered":"Curitiba recebe etapa da Olimp\u00edada Marista Brasil 2025"},"content":{"rendered":"\n<p class=\"has-medium-font-size\">Competi\u00e7\u00e3o reunir\u00e1 700 alunos do Brasil, Uruguai e Chile no Col\u00e9gio Marista Santa Maria<\/p>\n\n\n\n<p>Entre os dias 5 e 8 de setembro, Curitiba ser\u00e1 palco de um dos maiores encontros esportivos e culturais do calend\u00e1rio escolar nacional: a Olimp\u00edada Marista Brasil (OMB). O Col\u00e9gio Marista Santa Maria vai sediar a etapa regional, reunindo 700 estudantes de diferentes localidades do pa\u00eds e tamb\u00e9m convidados do Uruguai e do Chile.<\/p>\n\n\n\n<p>As competi\u00e7\u00f5es ir\u00e3o movimentar a cidade em modalidades coletivas e individuais como Futsal, Handebol, Basquete, V\u00f4lei, Atletismo, Xadrez, Gin\u00e1stica R\u00edtmica e Dan\u00e7a. Mais de cinco mil estudantes participam da edi\u00e7\u00e3o 2025 da OMB, que celebra a integra\u00e7\u00e3o por meio do esporte, da arte e da espiritualidade.<\/p>\n\n\n\n<p>A diretora do Col\u00e9gio Marista Santa Maria, Antoniella Cavassi, destaca a import\u00e2ncia da etapa na capital paranaense. \u201cMais do que jogos, ser\u00e1 um tempo de encontros e viv\u00eancias entre estudantes da nossa regional e de algumas escolas do Uruguai e do Chile, celebrando juntos o esp\u00edrito marista que nos une al\u00e9m das fronteiras\u201d, afirma.<\/p>\n\n\n\n<p>Entre os participantes locais, a aluna Ana Lu\u00edsa de Roque Vale, do Col\u00e9gio Marista Paranaense, conta que a Olimp\u00edada \u00e9 um dos momentos mais esperados do ano. \u201cEstar com os amigos fazendo algo que amamos \u00e9 muito bom. Minha expectativa para este ano \u00e9 dar meu melhor nas competi\u00e7\u00f5es, conhecer pessoas novas e aproveitar cada minuto da olimp\u00edada!\u201d, relata a competidora que pratica ballet e hip hop no col\u00e9gio.<\/p>\n\n\n\n<p>J\u00e1 o aluno Lucas Martini, 15 anos, do 9\u00ba ano do mesmo col\u00e9gio, destaca a import\u00e2ncia do esporte em sua vida. \u201cO v\u00f4lei me acompanha h\u00e1 anos, participei de campeonatos estaduais e regionais, e essa ser\u00e1 minha terceira Olimp\u00edada Marista. Mais do que competir, \u00e9 uma oportunidade de viv\u00eancias e amizades que v\u00e3o ficar para toda a vida\u201d, comenta.<\/p>\n\n\n\n<p>Outros estudantes de Curitiba e regi\u00e3o, representando os col\u00e9gios Marista Anjo da Guarda, localizado na capital, e Marista Sagrado Cora\u00e7\u00e3o de Jesus, em Arauc\u00e1ria (PR) tamb\u00e9m participar\u00e3o da OMB.<\/p>\n\n\n\n<p class=\"has-medium-font-size\">OLIMP\u00cdADA EM TODO O BRASIL<\/p>\n\n\n\n<p>A OMB chega \u00e0 sua terceira edi\u00e7\u00e3o com novo formato, unificando projetos j\u00e1 tradicionais da Rede Marista. Ser\u00e3o seis etapas regionais, envolvendo estudantes de 82 unidades, al\u00e9m de 1,2 mil profissionais entre educadores e equipes de apoio.<\/p>\n\n\n\n<p>A abertura oficial ocorre em Porto Alegre (RS), entre 4 e 6 de setembro, e as demais etapas se estendem at\u00e9 outubro, passando por Recife (PE), Rio de Janeiro (RJ) e Bras\u00edlia (DF). No total, ser\u00e3o entregues 8,5 mil medalhas e 360 trof\u00e9us aos estudantes.<\/p>\n\n\n\n<p>De acordo com Liliane Falcomer, especialista de Atividades Complementares do Marista Brasil, a proposta \u00e9 fortalecer a conviv\u00eancia entre diferentes culturas e realidades. \u201cA OMB surge da demanda de um grande volume de unidades participantes, com a rede integrada tendo a inten\u00e7\u00e3o de promover a integra\u00e7\u00e3o de estudantes maristas de diferentes localidades e celebrar a for\u00e7a do esporte e da arte Maristas\u201d, explica.<\/p>\n\n\n\n<p>Mais do que p\u00f3dios e resultados, a Olimp\u00edada Marista Brasil 2025 reafirma o compromisso da institui\u00e7\u00e3o em educar para al\u00e9m da sala de aula, cultivando valores, espiritualidade e experi\u00eancias que ficam para toda a vida.<\/p>\n\n\n\n<p class=\"has-medium-font-size\">SOBRE O MARISTA BRASIL<\/p>\n\n\n\n<p>O Marista Brasil \u00e9 uma rede de col\u00e9gios e escolas presente em 20 estados brasileiros e no Distrito Federal, atendendo mais de 99 mil crian\u00e7as, jovens e adultos em 96 unidades de ensino. Os estudantes recebem forma\u00e7\u00e3o integral, composta pela tradi\u00e7\u00e3o dos valores Maristas e pela excel\u00eancia acad\u00eamica alinhada aos desafios contempor\u00e2neos. Por meio de propostas pedag\u00f3gicas diferenciadas, crian\u00e7as e jovens desenvolvem conhecimento, pensamento cr\u00edtico, autonomia e se tornam mais preparados para viver em uma sociedade em constante transforma\u00e7\u00e3o. Saiba mais em: maristabrasil.org.<\/p>\n","protected":false},"excerpt":{"rendered":"<p>Competi\u00e7\u00e3o reunir\u00e1 700 alunos do Brasil, Uruguai e Chile no Col\u00e9gio Marista Santa Maria Entre os dias 5 e 8 de setembro, Curitiba ser\u00e1 palco de um dos maiores encontros esportivos e culturais do calend\u00e1rio escolar nacional: a Olimp\u00edada Marista Brasil (OMB). O Col\u00e9gio Marista Santa Maria vai sediar a etapa regional, reunindo 700 estudantes [&hellip;]<\/p>\n","protected":false},"author":1,"featured_media":4920,"comment_status":"open","ping_status":"open","sticky":false,"template":"","format":"standard","meta":{"footnotes":""},"categories":[159,186],"tags":[],"class_list":["post-4913","post","type-post","status-publish","format-standard","has-post-thumbnail","hentry","category-esportes","category-eventos"],"_links":{"self":[{"href":"https:\/\/diarioparanaense.com\/index.php?rest_route=\/wp\/v2\/posts\/4913","targetHints":{"allow":["GET"]}}],"collection":[{"href":"https:\/\/diarioparanaense.com\/index.php?rest_route=\/wp\/v2\/posts"}],"about":[{"href":"https:\/\/diarioparanaense.com\/index.php?rest_route=\/wp\/v2\/types\/post"}],"author":[{"embeddable":true,"href":"https:\/\/diarioparanaense.com\/index.php?rest_route=\/wp\/v2\/users\/1"}],"replies":[{"embeddable":true,"href":"https:\/\/diarioparanaense.com\/index.php?rest_route=%2Fwp%2Fv2%2Fcomments&post=4913"}],"version-history":[{"count":1,"href":"https:\/\/diarioparanaense.com\/index.php?rest_route=\/wp\/v2\/posts\/4913\/revisions"}],"predecessor-version":[{"id":4921,"href":"https:\/\/diarioparanaense.com\/index.php?rest_route=\/wp\/v2\/posts\/4913\/revisions\/4921"}],"wp:featuredmedia":[{"embeddable":true,"href":"https:\/\/diarioparanaense.com\/index.php?rest_route=\/wp\/v2\/media\/4920"}],"wp:attachment":[{"href":"https:\/\/diarioparanaense.com\/index.php?rest_route=%2Fwp%2Fv2%2Fmedia&parent=4913"}],"wp:term":[{"taxonomy":"category","embeddable":true,"href":"https:\/\/diarioparanaense.com\/index.php?rest_route=%2Fwp%2Fv2%2Fcategories&post=4913"},{"taxonomy":"post_tag","embeddable":true,"href":"https:\/\/diarioparanaense.com\/index.php?rest_route=%2Fwp%2Fv2%2Ftags&post=4913"}],"curies":[{"name":"wp","href":"https:\/\/api.w.org\/{rel}","templated":true}]}}