{"id":4903,"date":"2025-09-02T09:30:55","date_gmt":"2025-09-02T12:30:55","guid":{"rendered":"https:\/\/diarioparanaense.com\/?p=4903"},"modified":"2025-09-02T09:30:55","modified_gmt":"2025-09-02T12:30:55","slug":"feboxepr-traz-luiz-dorea-para-seminario-pratico-de-boxe-em-maringa","status":"publish","type":"post","link":"https:\/\/diarioparanaense.com\/?p=4903","title":{"rendered":"FEBOXEPR traz Luiz D\u00f3rea para semin\u00e1rio pr\u00e1tico de boxe em Maring\u00e1"},"content":{"rendered":"\n<p class=\"has-medium-font-size\">Curso pr\u00e1tico de quatro horas abrange t\u00e9cnicas do iniciante ao alto rendimento e oferece certificado oficial aos participantes<\/p>\n\n\n\n<p>O s\u00e1bado, 13 de setembro de 2025, ser\u00e1 marcado por um evento para os amantes do boxe em Maring\u00e1 (PR). A FEBOXEPR realiza um semin\u00e1rio t\u00e9cnico 100% pr\u00e1tico, voltado para todos os n\u00edveis, do iniciante ao alto rendimento, conduzido pelo renomado t\u00e9cnico Luiz D\u00f3rea, refer\u00eancia nacional na modalidade.<br>Luiz D\u00f3rea \u00e9 t\u00e9cnico da Champion Team, equipe reconhecida por formar grandes campe\u00f5es do boxe brasileiro, e traz sua expertise para capacita\u00e7\u00e3o presencial de quatro horas. O curso acontece das 14h \u00e0s 17h30, na Avenida Carlos Correa Borges, 642, no Conjunto Habitacional Inocente Vila Nova J\u00fanior, com certificado oficial ao final das aulas.<\/p>\n\n\n\n<p>Durante o semin\u00e1rio, os participantes v\u00e3o aprimorar t\u00e9cnicas fundamentais, incluindo:<\/p>\n\n\n\n<p>Escola de Boxe<\/p>\n\n\n\n<p>Golpes isolados e combina\u00e7\u00f5es<\/p>\n\n\n\n<p>Defesas e contra-golpes<\/p>\n\n\n\n<p>Deslocamentos e ajustes de n\u00edvel<\/p>\n\n\n\n<p>Trabalho t\u00e9cnico e t\u00e1tico com manopla<\/p>\n\n\n\n<p>O evento \u00e9 indicado para t\u00e9cnicos, atletas de artes marciais, professores de Educa\u00e7\u00e3o F\u00edsica, personal trainers e entusiastas do boxe que buscam elevar seu desempenho no esporte.<br>Segundo Marcelo Garbosa, presidente da FEBOXE-PR, \u201ceventos como este s\u00e3o essenciais para a forma\u00e7\u00e3o t\u00e9cnica e o crescimento da modalidade no estado. O semin\u00e1rio traz uma oportunidade \u00fanica para que atletas e profissionais aprimorem suas habilidades com metodologias reconhecidas nacionalmente.\u201d<br>A federa\u00e7\u00e3o refor\u00e7a ainda seu compromisso com a modalidade, promovendo outros cursos, como a forma\u00e7\u00e3o de \u00e1rbitros e ju\u00edzes de boxe amador, programada para julho em Maring\u00e1, garantindo a qualidade e a seguran\u00e7a dos eventos.<\/p>\n\n\n\n<p>Inscri\u00e7\u00f5es aqui: <a href=\"https:\/\/www.sympla.com.br\/evento\/seminario-de-boxe-com-luiz-dorea\/3073955\">https:\/\/www.sympla.com.br\/evento\/seminario-de-boxe-com-luiz-dorea\/3073955<\/a><\/p>\n","protected":false},"excerpt":{"rendered":"<p>Curso pr\u00e1tico de quatro horas abrange t\u00e9cnicas do iniciante ao alto rendimento e oferece certificado oficial aos participantes O s\u00e1bado, 13 de setembro de 2025, ser\u00e1 marcado por um evento para os amantes do boxe em Maring\u00e1 (PR). A FEBOXEPR realiza um semin\u00e1rio t\u00e9cnico 100% pr\u00e1tico, voltado para todos os n\u00edveis, do iniciante ao alto [&hellip;]<\/p>\n","protected":false},"author":1,"featured_media":4904,"comment_status":"open","ping_status":"open","sticky":false,"template":"","format":"standard","meta":{"footnotes":""},"categories":[159,186],"tags":[],"class_list":["post-4903","post","type-post","status-publish","format-standard","has-post-thumbnail","hentry","category-esportes","category-eventos"],"_links":{"self":[{"href":"https:\/\/diarioparanaense.com\/index.php?rest_route=\/wp\/v2\/posts\/4903","targetHints":{"allow":["GET"]}}],"collection":[{"href":"https:\/\/diarioparanaense.com\/index.php?rest_route=\/wp\/v2\/posts"}],"about":[{"href":"https:\/\/diarioparanaense.com\/index.php?rest_route=\/wp\/v2\/types\/post"}],"author":[{"embeddable":true,"href":"https:\/\/diarioparanaense.com\/index.php?rest_route=\/wp\/v2\/users\/1"}],"replies":[{"embeddable":true,"href":"https:\/\/diarioparanaense.com\/index.php?rest_route=%2Fwp%2Fv2%2Fcomments&post=4903"}],"version-history":[{"count":1,"href":"https:\/\/diarioparanaense.com\/index.php?rest_route=\/wp\/v2\/posts\/4903\/revisions"}],"predecessor-version":[{"id":4905,"href":"https:\/\/diarioparanaense.com\/index.php?rest_route=\/wp\/v2\/posts\/4903\/revisions\/4905"}],"wp:featuredmedia":[{"embeddable":true,"href":"https:\/\/diarioparanaense.com\/index.php?rest_route=\/wp\/v2\/media\/4904"}],"wp:attachment":[{"href":"https:\/\/diarioparanaense.com\/index.php?rest_route=%2Fwp%2Fv2%2Fmedia&parent=4903"}],"wp:term":[{"taxonomy":"category","embeddable":true,"href":"https:\/\/diarioparanaense.com\/index.php?rest_route=%2Fwp%2Fv2%2Fcategories&post=4903"},{"taxonomy":"post_tag","embeddable":true,"href":"https:\/\/diarioparanaense.com\/index.php?rest_route=%2Fwp%2Fv2%2Ftags&post=4903"}],"curies":[{"name":"wp","href":"https:\/\/api.w.org\/{rel}","templated":true}]}}