{"id":4900,"date":"2025-09-02T09:12:05","date_gmt":"2025-09-02T12:12:05","guid":{"rendered":"https:\/\/diarioparanaense.com\/?p=4900"},"modified":"2025-09-02T09:12:06","modified_gmt":"2025-09-02T12:12:06","slug":"estruturar-imoveis-comerciais-recebe-homenagem-na-assembleia-legislativa-do-parana","status":"publish","type":"post","link":"https:\/\/diarioparanaense.com\/?p=4900","title":{"rendered":"Estruturar Im\u00f3veis Comerciais recebe homenagem na Assembleia Legislativa do Paran\u00e1"},"content":{"rendered":"\n<p>A Estruturar Im\u00f3veis Comerciais foi uma das 22 imobili\u00e1rias paranaenses homenageadas pelo Conselho Federal dos Corretores de Im\u00f3veis (COFECI) durante sess\u00e3o solene realizada no \u00faltimo dia 1\u00ba de setembro, na Assembleia Legislativa do Paran\u00e1. A men\u00e7\u00e3o honrosa, proposta pela deputada estadual Maria Victoria, reconheceu a empresa como imobili\u00e1ria destaque do Estado.<\/p>\n\n\n\n<p>Na ocasi\u00e3o, o fundador da Estruturar, Sergio Zimmermann, recebeu o voto de congratula\u00e7\u00e3o diretamente das m\u00e3os da deputada. \u201cEsta homenagem \u00e9 uma retribui\u00e7\u00e3o ao fundamental apoio prestado pelas imobili\u00e1rias ao desenvolvimento estrat\u00e9gico do Paran\u00e1\u201d, destacou a parlamentar em seu discurso.<\/p>\n\n\n\n<p>Al\u00e9m da deputada estadual, o evento contou com a presen\u00e7a de outras importantes autoridades, entre elas o deputado federal Ricardo Barros; o presidente do COFECI, Jo\u00e3o Teodoro da Silva; o vice-presidente do COFECI, Jos\u00e9 Augusto Viana Neto e o presidente do CRECI-PR, Luiz Celso Castegnaro.<\/p>\n\n\n\n<p class=\"has-medium-font-size\">Sobre a Estruturar<\/p>\n\n\n\n<p>A Estruturar Im\u00f3veis Comerciais iniciou suas atividades em agosto de 2008, com o objetivo de atender \u00e0 demanda de uma institui\u00e7\u00e3o financeira por contratos de loca\u00e7\u00e3o no modelo Built to Suit, de constru\u00e7\u00f5es sob medida para loca\u00e7\u00e3o. A partir desse primeiro projeto, a empresa expandiu sua atua\u00e7\u00e3o para diversos segmentos, como farm\u00e1cias, redes de fast food, cooperativas de cr\u00e9dito, supermercados, \u00e1rea m\u00e9dica e strip malls.<\/p>\n\n\n\n<p>Ao longo de 17 anos de atua\u00e7\u00e3o, a Estruturar j\u00e1 realizou mais de 300 empreendimentos nesse modelo de neg\u00f3cio, ultrapassando R$ 1,2 bilh\u00e3o em&nbsp;investimentos.<\/p>\n","protected":false},"excerpt":{"rendered":"<p>A Estruturar Im\u00f3veis Comerciais foi uma das 22 imobili\u00e1rias paranaenses homenageadas pelo Conselho Federal dos Corretores de Im\u00f3veis (COFECI) durante sess\u00e3o solene realizada no \u00faltimo dia 1\u00ba de setembro, na Assembleia Legislativa do Paran\u00e1. A men\u00e7\u00e3o honrosa, proposta pela deputada estadual Maria Victoria, reconheceu a empresa como imobili\u00e1ria destaque do Estado. Na ocasi\u00e3o, o fundador [&hellip;]<\/p>\n","protected":false},"author":1,"featured_media":4901,"comment_status":"open","ping_status":"open","sticky":false,"template":"","format":"standard","meta":{"footnotes":""},"categories":[29],"tags":[],"class_list":["post-4900","post","type-post","status-publish","format-standard","has-post-thumbnail","hentry","category-artigos"],"_links":{"self":[{"href":"https:\/\/diarioparanaense.com\/index.php?rest_route=\/wp\/v2\/posts\/4900","targetHints":{"allow":["GET"]}}],"collection":[{"href":"https:\/\/diarioparanaense.com\/index.php?rest_route=\/wp\/v2\/posts"}],"about":[{"href":"https:\/\/diarioparanaense.com\/index.php?rest_route=\/wp\/v2\/types\/post"}],"author":[{"embeddable":true,"href":"https:\/\/diarioparanaense.com\/index.php?rest_route=\/wp\/v2\/users\/1"}],"replies":[{"embeddable":true,"href":"https:\/\/diarioparanaense.com\/index.php?rest_route=%2Fwp%2Fv2%2Fcomments&post=4900"}],"version-history":[{"count":1,"href":"https:\/\/diarioparanaense.com\/index.php?rest_route=\/wp\/v2\/posts\/4900\/revisions"}],"predecessor-version":[{"id":4902,"href":"https:\/\/diarioparanaense.com\/index.php?rest_route=\/wp\/v2\/posts\/4900\/revisions\/4902"}],"wp:featuredmedia":[{"embeddable":true,"href":"https:\/\/diarioparanaense.com\/index.php?rest_route=\/wp\/v2\/media\/4901"}],"wp:attachment":[{"href":"https:\/\/diarioparanaense.com\/index.php?rest_route=%2Fwp%2Fv2%2Fmedia&parent=4900"}],"wp:term":[{"taxonomy":"category","embeddable":true,"href":"https:\/\/diarioparanaense.com\/index.php?rest_route=%2Fwp%2Fv2%2Fcategories&post=4900"},{"taxonomy":"post_tag","embeddable":true,"href":"https:\/\/diarioparanaense.com\/index.php?rest_route=%2Fwp%2Fv2%2Ftags&post=4900"}],"curies":[{"name":"wp","href":"https:\/\/api.w.org\/{rel}","templated":true}]}}