{"id":4893,"date":"2025-09-02T09:03:28","date_gmt":"2025-09-02T12:03:28","guid":{"rendered":"https:\/\/diarioparanaense.com\/?p=4893"},"modified":"2025-09-02T09:03:29","modified_gmt":"2025-09-02T12:03:29","slug":"erro-de-homonimo-leva-inss-a-cancelar-beneficio-de-idoso-que-ganha-indenizacao","status":"publish","type":"post","link":"https:\/\/diarioparanaense.com\/?p=4893","title":{"rendered":"Erro de hom\u00f4nimo leva INSS a cancelar benef\u00edcio de idoso que ganha indeniza\u00e7\u00e3o"},"content":{"rendered":"\n<p>\u00c9 poss\u00edvel um erro administrativo quase custar a dignidade de uma pessoa? No caso de Jos\u00e9 Mendes, de 82 anos, de Curitiba, essa situa\u00e7\u00e3o quase aconteceu. O aposentado teve seu benef\u00edcio previdenci\u00e1rio cancelado ap\u00f3s o sistema do INSS confundir seus dados com os de um hom\u00f4nimo que havia falecido no Rio de Janeiro.<\/p>\n\n\n\n<p>Sem qualquer aviso pr\u00e9vio, a \u00fanica fonte de renda do aposentado foi suspensa, o que trouxe inseguran\u00e7a e dificuldades no dia a dia. A fam\u00edlia precisou recorrer \u00e0 Justi\u00e7a para reverter a situa\u00e7\u00e3o.<\/p>\n\n\n\n<p>\u201cO processo revelou que o erro ocorreu por falta de confer\u00eancia adequada nos registros do INSS, que associou o CPF de Jos\u00e9 Mendes ao \u00f3bito do outro cidad\u00e3o\u201d, explica Humberto Tommasi, advogado fundador da Ozon &amp; Tommasi Advogados.<\/p>\n\n\n\n<p class=\"has-medium-font-size\">Situa\u00e7\u00e3o n\u00e3o \u00e9 novidade<\/p>\n\n\n\n<p>Casos de cancelamento indevido de benef\u00edcios previdenci\u00e1rios t\u00eam se multiplicado no Brasil. Em 2024, um aposentado no Esp\u00edrito Santo ficou tr\u00eas meses sem renda ap\u00f3s ser dado como morto e obteve indeniza\u00e7\u00e3o de R$ 10 mil. Outra situa\u00e7\u00e3o semelhante, no Paran\u00e1, resultou em um segurado que precisou aguardar mais de 200 dias at\u00e9 reaver seu pagamento pelo mesmo motivo, recebendo repara\u00e7\u00e3o judicial.<\/p>\n\n\n\n<p>Tommasi lembrou ainda que, na decis\u00e3o recente, al\u00e9m de restabelecer o benef\u00edcio, a Justi\u00e7a tamb\u00e9m reconheceu o abalo emocional causado, gerando indeniza\u00e7\u00e3o por danos morais. Para o advogado, esta senten\u00e7a serve de alerta:<\/p>\n\n\n\n<p>\u201cTemos que lembrar sempre que o benef\u00edcio previdenci\u00e1rio \u00e9 a sobreviv\u00eancia de milhares de pessoas e erros como esse n\u00e3o podem ser tratados com descuido, principalmente quando h\u00e1 idosos envolvidos\u201d, completa o advogado, que refor\u00e7a a necessidade de maior rigor na checagem de dados por parte dos \u00f3rg\u00e3os previdenci\u00e1rios.<\/p>\n\n\n\n<p>Servi\u00e7o:<br>Ozon &amp; Tommasi<\/p>\n\n\n\n<p>Advocacia Previdenci\u00e1ria<\/p>\n\n\n\n<p>(41)3022-1240\/98831-8630<\/p>\n\n\n\n<p>@ozonetommasiprev<\/p>\n\n\n\n<p>contato@aot.adv.br<\/p>\n\n\n\n<figure class=\"wp-block-embed is-type-wp-embed is-provider-aot-ozon-amp-tommasi wp-block-embed-aot-ozon-amp-tommasi\"><div class=\"wp-block-embed__wrapper\">\n<blockquote class=\"wp-embedded-content\" data-secret=\"ncT2w3mdD0\"><a href=\"https:\/\/aot.adv.br\/\">In\u00edcio<\/a><\/blockquote><iframe loading=\"lazy\" class=\"wp-embedded-content\" sandbox=\"allow-scripts\" security=\"restricted\" style=\"position: absolute; visibility: hidden;\" title=\"&#8220;In\u00edcio&#8221; &#8212; AoT - Ozon &amp; Tommasi\" src=\"https:\/\/aot.adv.br\/embed\/#?secret=cBLtchS5KD#?secret=ncT2w3mdD0\" data-secret=\"ncT2w3mdD0\" width=\"600\" height=\"338\" frameborder=\"0\" marginwidth=\"0\" marginheight=\"0\" scrolling=\"no\"><\/iframe>\n<\/div><\/figure>\n\n\n\n<p>Av. Visc. de Guarapuava, 2764 &#8211; sala 704\/706 &#8211; Centro,&nbsp;Curitiba.<\/p>\n","protected":false},"excerpt":{"rendered":"<p>\u00c9 poss\u00edvel um erro administrativo quase custar a dignidade de uma pessoa? No caso de Jos\u00e9 Mendes, de 82 anos, de Curitiba, essa situa\u00e7\u00e3o quase aconteceu. O aposentado teve seu benef\u00edcio previdenci\u00e1rio cancelado ap\u00f3s o sistema do INSS confundir seus dados com os de um hom\u00f4nimo que havia falecido no Rio de Janeiro. Sem qualquer [&hellip;]<\/p>\n","protected":false},"author":1,"featured_media":4894,"comment_status":"open","ping_status":"open","sticky":false,"template":"","format":"standard","meta":{"footnotes":""},"categories":[29],"tags":[],"class_list":["post-4893","post","type-post","status-publish","format-standard","has-post-thumbnail","hentry","category-artigos"],"_links":{"self":[{"href":"https:\/\/diarioparanaense.com\/index.php?rest_route=\/wp\/v2\/posts\/4893","targetHints":{"allow":["GET"]}}],"collection":[{"href":"https:\/\/diarioparanaense.com\/index.php?rest_route=\/wp\/v2\/posts"}],"about":[{"href":"https:\/\/diarioparanaense.com\/index.php?rest_route=\/wp\/v2\/types\/post"}],"author":[{"embeddable":true,"href":"https:\/\/diarioparanaense.com\/index.php?rest_route=\/wp\/v2\/users\/1"}],"replies":[{"embeddable":true,"href":"https:\/\/diarioparanaense.com\/index.php?rest_route=%2Fwp%2Fv2%2Fcomments&post=4893"}],"version-history":[{"count":1,"href":"https:\/\/diarioparanaense.com\/index.php?rest_route=\/wp\/v2\/posts\/4893\/revisions"}],"predecessor-version":[{"id":4895,"href":"https:\/\/diarioparanaense.com\/index.php?rest_route=\/wp\/v2\/posts\/4893\/revisions\/4895"}],"wp:featuredmedia":[{"embeddable":true,"href":"https:\/\/diarioparanaense.com\/index.php?rest_route=\/wp\/v2\/media\/4894"}],"wp:attachment":[{"href":"https:\/\/diarioparanaense.com\/index.php?rest_route=%2Fwp%2Fv2%2Fmedia&parent=4893"}],"wp:term":[{"taxonomy":"category","embeddable":true,"href":"https:\/\/diarioparanaense.com\/index.php?rest_route=%2Fwp%2Fv2%2Fcategories&post=4893"},{"taxonomy":"post_tag","embeddable":true,"href":"https:\/\/diarioparanaense.com\/index.php?rest_route=%2Fwp%2Fv2%2Ftags&post=4893"}],"curies":[{"name":"wp","href":"https:\/\/api.w.org\/{rel}","templated":true}]}}