{"id":4892,"date":"2025-09-02T09:05:44","date_gmt":"2025-09-02T12:05:44","guid":{"rendered":"https:\/\/diarioparanaense.com\/?p=4892"},"modified":"2025-09-02T09:05:44","modified_gmt":"2025-09-02T12:05:44","slug":"advogados-ganham-autoridade-no-instagram","status":"publish","type":"post","link":"https:\/\/diarioparanaense.com\/?p=4892","title":{"rendered":"Advogados ganham autoridade no Instagram"},"content":{"rendered":"\n<p>O Instagram deixou de ser apenas uma rede social de fotos e v\u00eddeos para se tornar um canal estrat\u00e9gico de posicionamento profissional \u2013 especialmente no Direito. Advogados que utilizam essa plataforma de forma planejada conseguem ampliar sua visibilidade, atrair potenciais clientes e construir autoridade em suas \u00e1reas de atua\u00e7\u00e3o.<\/p>\n\n\n\n<p>\u201cHoje, o Instagram \u00e9 o principal canal para quem quer ser visto no mercado jur\u00eddico. O profissional que ainda n\u00e3o entendeu isso est\u00e1 perdendo relev\u00e2ncia e espa\u00e7o para quem j\u00e1 se posiciona de forma estrat\u00e9gica\u201d, afirma Bruna Espairane, estrategista de posicionamento jur\u00eddico e fundadora da Espairane Marketing.<\/p>\n\n\n\n<p>Impacto est\u00e1 no alcance<\/p>\n\n\n\n<p>Com uma base de usu\u00e1rios ativa e visualmente engajada, o Instagram oferece um ambiente ideal para advogados se conectarem com o p\u00fablico, explicarem temas complexos de forma acess\u00edvel e, principalmente, fortalecer a marca. A comunica\u00e7\u00e3o simples, clara e frequente \u00e9 o diferencial que aproxima o profissional das pessoas e o destaca no mercado.<\/p>\n\n\n\n<p>\u201c Ao entregar conte\u00fado educativo e relevante, o advogado deixa de apenas oferecer servi\u00e7os e passa a ser visto como uma fonte confi\u00e1vel de informa\u00e7\u00e3o. Isso gera autoridade \u2013 e autoridade atrai clientes. Conte\u00fado relevante \u00e9 a nova vitrine da advocacia. Quem ensina, conquista. E quem conquista, converte\u201d, destaca Bruna.<\/p>\n\n\n\n<p>Al\u00e9m disso, a especialista lembra que autoridade digital \u00e9 constru\u00edda por uma combina\u00e7\u00e3o de fatores: const\u00e2ncia nas postagens, identidade visual profissional, presen\u00e7a em v\u00eddeos curtos como Reels, uma bio estrat\u00e9gica e intera\u00e7\u00e3o real com os seguidores. Um perfil bem cuidado transmite confian\u00e7a imediata e diferencia o advogado da concorr\u00eancia.<\/p>\n\n\n\n<p class=\"has-medium-font-size\">Conversar com o p\u00fablico \u00e9 a chave<\/p>\n\n\n\n<p>Humanizar a rotina, responder d\u00favidas com linguagem simples e aparecer com regularidade geram proximidade e posicionam o advogado como refer\u00eancia. Diferente do que se imagina, n\u00e3o se trata de exposi\u00e7\u00e3o sem prop\u00f3sito, mas de gerar conex\u00e3o:<\/p>\n\n\n\n<p>\u201cAs pessoas contratam quem elas confiam e o Instagram \u00e9 o palco onde advogados mostram quem s\u00e3o, o que sabem e por que merecem ser contratados\u201d refor\u00e7a Espairane.<\/p>\n\n\n\n<p class=\"has-medium-font-size\">Bruna Daelen Espairane<\/p>\n\n\n\n<p>Estrategista de posicionamento jur\u00eddico. Palestrante nos maiores congressos do pa\u00eds. A mente por tr\u00e1s das marcas mais influentes da nova advocacia.<\/p>\n\n\n\n<p>Fundadora da Espairane Marketing, j\u00e1 ajudou mais de 5 mil advogados a se tornarem autoridade em suas \u00e1reas, com estrat\u00e9gias focadas em reputa\u00e7\u00e3o, visibilidade e resultados \u2014 sempre dentro da \u00e9tica da OAB e fora dos limites criativos do mercado.<\/p>\n\n\n\n<p>\ud83d\udcf1 @espairane.marketing<br>\ud83d\udce7 sosescritorio.pr@gmail.com<br>\ud83c\udf10 <a href=\"http:\/\/espairane.com.br\">espairane.com.br<\/a><br>\ud83d\udcde\u00a0(47)\u00a099776\u2011742<\/p>\n","protected":false},"excerpt":{"rendered":"<p>O Instagram deixou de ser apenas uma rede social de fotos e v\u00eddeos para se tornar um canal estrat\u00e9gico de posicionamento profissional \u2013 especialmente no Direito. Advogados que utilizam essa plataforma de forma planejada conseguem ampliar sua visibilidade, atrair potenciais clientes e construir autoridade em suas \u00e1reas de atua\u00e7\u00e3o. \u201cHoje, o Instagram \u00e9 o principal [&hellip;]<\/p>\n","protected":false},"author":1,"featured_media":4896,"comment_status":"open","ping_status":"open","sticky":false,"template":"","format":"standard","meta":{"footnotes":""},"categories":[29],"tags":[],"class_list":["post-4892","post","type-post","status-publish","format-standard","has-post-thumbnail","hentry","category-artigos"],"_links":{"self":[{"href":"https:\/\/diarioparanaense.com\/index.php?rest_route=\/wp\/v2\/posts\/4892","targetHints":{"allow":["GET"]}}],"collection":[{"href":"https:\/\/diarioparanaense.com\/index.php?rest_route=\/wp\/v2\/posts"}],"about":[{"href":"https:\/\/diarioparanaense.com\/index.php?rest_route=\/wp\/v2\/types\/post"}],"author":[{"embeddable":true,"href":"https:\/\/diarioparanaense.com\/index.php?rest_route=\/wp\/v2\/users\/1"}],"replies":[{"embeddable":true,"href":"https:\/\/diarioparanaense.com\/index.php?rest_route=%2Fwp%2Fv2%2Fcomments&post=4892"}],"version-history":[{"count":1,"href":"https:\/\/diarioparanaense.com\/index.php?rest_route=\/wp\/v2\/posts\/4892\/revisions"}],"predecessor-version":[{"id":4897,"href":"https:\/\/diarioparanaense.com\/index.php?rest_route=\/wp\/v2\/posts\/4892\/revisions\/4897"}],"wp:featuredmedia":[{"embeddable":true,"href":"https:\/\/diarioparanaense.com\/index.php?rest_route=\/wp\/v2\/media\/4896"}],"wp:attachment":[{"href":"https:\/\/diarioparanaense.com\/index.php?rest_route=%2Fwp%2Fv2%2Fmedia&parent=4892"}],"wp:term":[{"taxonomy":"category","embeddable":true,"href":"https:\/\/diarioparanaense.com\/index.php?rest_route=%2Fwp%2Fv2%2Fcategories&post=4892"},{"taxonomy":"post_tag","embeddable":true,"href":"https:\/\/diarioparanaense.com\/index.php?rest_route=%2Fwp%2Fv2%2Ftags&post=4892"}],"curies":[{"name":"wp","href":"https:\/\/api.w.org\/{rel}","templated":true}]}}