{"id":4886,"date":"2025-09-01T09:52:14","date_gmt":"2025-09-01T12:52:14","guid":{"rendered":"https:\/\/diarioparanaense.com\/?p=4886"},"modified":"2025-09-01T09:52:14","modified_gmt":"2025-09-01T12:52:14","slug":"parana-tem-73-dos-estudantes-alfabetizados-curitiba-registra-menor-taxa-de-analfabetismo","status":"publish","type":"post","link":"https:\/\/diarioparanaense.com\/?p=4886","title":{"rendered":"Paran\u00e1 tem 73% dos estudantes alfabetizados; Curitiba registra menor taxa de analfabetismo"},"content":{"rendered":"\n<p class=\"has-medium-font-size\">Projeto da Escola Atua\u00e7\u00e3o aplica testes semestrais de leitura para aprimorar o desenvolvimento de cada estudante<\/p>\n\n\n\n<p>No Paran\u00e1, 73% dos estudantes est\u00e3o alfabetizados ao final do 2\u00ba ano do ensino fundamental, segundo o \u00faltimo dado divulgado pelo Minist\u00e9rio da Educa\u00e7\u00e3o (MEC). Esse \u00edndice coloca o estado na segunda melhor posi\u00e7\u00e3o do pa\u00eds nessa faixa et\u00e1ria. Curitiba tamb\u00e9m se destaca: apenas 1,5% da popula\u00e7\u00e3o com 15 anos ou mais \u00e9 analfabeta, de acordo com o \u00faltimo dado divulgado pelo Instituto Brasileiro de Geografia e Estat\u00edstica (IBGE), posicionando a capital entre as cidades com melhor desempenho no Brasil.<\/p>\n\n\n\n<p>Em contrapartida, estados como Amap\u00e1 e Alagoas registram menos de 40% dos estudantes alfabetizados ao fim do 2\u00ba ano, segundo o MEC. Em n\u00edvel nacional, apenas 56% das crian\u00e7as conseguem chegar ao final dessa etapa com pleno dom\u00ednio da leitura. O dado apresenta que grande parte dos estudantes brasileiros ainda enfrenta dificuldades no processo de alfabetiza\u00e7\u00e3o, o que torna essenciais iniciativas voltadas ao acompanhamento cont\u00ednuo da aprendizagem.<\/p>\n\n\n\n<p>Com o objetivo de aprimorar continuamente o desenvolvimento de leitura, a Escola Atua\u00e7\u00e3o mant\u00e9m um projeto que aplica testes no in\u00edcio de cada semestre. A iniciativa permite que a equipe pedag\u00f3gica identifique poss\u00edveis obst\u00e1culos de aprendizagem com rapidez e prepare interven\u00e7\u00f5es espec\u00edficas. \u201cAplicamos esses testes para identificar precocemente dificuldades, e isso permite que cada professora desenvolva estrat\u00e9gias personalizadas de apoio aos estudantes que precisam de aten\u00e7\u00e3o extra\u201d, afirma a diretora da institui\u00e7\u00e3o, Carolina Pereira Frizon.<\/p>\n\n\n\n<p>A partir dos diagn\u00f3sticos, as professoras ajustam metodologias, desde leituras dialogadas at\u00e9 apoio individual ou uso de recursos visuais, para fortalecer compreens\u00e3o, flu\u00eancia e engajamento, garantindo evolu\u00e7\u00e3o no ritmo de cada estudante. Essa pr\u00e1tica ganha relev\u00e2ncia diante do cen\u00e1rio nacional, em que parte dos estudantes ainda conclui o 2\u00ba ano sem pleno dom\u00ednio da leitura.<\/p>\n\n\n\n<p>\u201cMonitorar constantemente e aplicar interven\u00e7\u00f5es personalizadas \u00e9 essencial para melhorar os \u00edndices de alfabetiza\u00e7\u00e3o. No Paran\u00e1, que est\u00e1 entre os l\u00edderes nacionais, e em Curitiba, com taxas historicamente altas, essas a\u00e7\u00f5es planejadas e acompanhadas de perto garantem que cada estudante avance de forma consistente\u201d, explica Frizon.<\/p>\n\n\n\n<p class=\"has-medium-font-size\">Incentivo \u00e0 leitura desde a educa\u00e7\u00e3o infantil<\/p>\n\n\n\n<p>Al\u00e9m do monitoramento constante, a Escola Atua\u00e7\u00e3o mant\u00e9m pr\u00e1ticas que aproximam as crian\u00e7as do universo liter\u00e1rio desde cedo. Na educa\u00e7\u00e3o infantil, os estudantes participam do projeto Meu Amigo Livro, em que levam para casa, toda sexta-feira, um exemplar para ser lido em fam\u00edlia e devolvido na segunda-feira. A proposta busca envolver pais e respons\u00e1veis na rotina de leitura e estimular o h\u00e1bito de forma l\u00fadica.<\/p>\n\n\n\n<p>J\u00e1 no ensino fundamental, a partir do 1\u00ba ano, os estudantes passam a realizar empr\u00e9stimos semanais na aula de literatura, permanecendo com os livros durante sete dias para aprofundar o contato com diferentes obras. Para a equipe pedag\u00f3gica, essas iniciativas refor\u00e7am que a alfabetiza\u00e7\u00e3o come\u00e7a na primeira inf\u00e2ncia e que o gosto pela leitura \u00e9 constru\u00eddo gradualmente, em um processo cont\u00ednuo de descoberta&nbsp;e&nbsp;encantamento.<\/p>\n","protected":false},"excerpt":{"rendered":"<p>Projeto da Escola Atua\u00e7\u00e3o aplica testes semestrais de leitura para aprimorar o desenvolvimento de cada estudante No Paran\u00e1, 73% dos estudantes est\u00e3o alfabetizados ao final do 2\u00ba ano do ensino fundamental, segundo o \u00faltimo dado divulgado pelo Minist\u00e9rio da Educa\u00e7\u00e3o (MEC). Esse \u00edndice coloca o estado na segunda melhor posi\u00e7\u00e3o do pa\u00eds nessa faixa et\u00e1ria. [&hellip;]<\/p>\n","protected":false},"author":1,"featured_media":4887,"comment_status":"open","ping_status":"open","sticky":false,"template":"","format":"standard","meta":{"footnotes":""},"categories":[148],"tags":[],"class_list":["post-4886","post","type-post","status-publish","format-standard","has-post-thumbnail","hentry","category-educacao"],"_links":{"self":[{"href":"https:\/\/diarioparanaense.com\/index.php?rest_route=\/wp\/v2\/posts\/4886","targetHints":{"allow":["GET"]}}],"collection":[{"href":"https:\/\/diarioparanaense.com\/index.php?rest_route=\/wp\/v2\/posts"}],"about":[{"href":"https:\/\/diarioparanaense.com\/index.php?rest_route=\/wp\/v2\/types\/post"}],"author":[{"embeddable":true,"href":"https:\/\/diarioparanaense.com\/index.php?rest_route=\/wp\/v2\/users\/1"}],"replies":[{"embeddable":true,"href":"https:\/\/diarioparanaense.com\/index.php?rest_route=%2Fwp%2Fv2%2Fcomments&post=4886"}],"version-history":[{"count":1,"href":"https:\/\/diarioparanaense.com\/index.php?rest_route=\/wp\/v2\/posts\/4886\/revisions"}],"predecessor-version":[{"id":4888,"href":"https:\/\/diarioparanaense.com\/index.php?rest_route=\/wp\/v2\/posts\/4886\/revisions\/4888"}],"wp:featuredmedia":[{"embeddable":true,"href":"https:\/\/diarioparanaense.com\/index.php?rest_route=\/wp\/v2\/media\/4887"}],"wp:attachment":[{"href":"https:\/\/diarioparanaense.com\/index.php?rest_route=%2Fwp%2Fv2%2Fmedia&parent=4886"}],"wp:term":[{"taxonomy":"category","embeddable":true,"href":"https:\/\/diarioparanaense.com\/index.php?rest_route=%2Fwp%2Fv2%2Fcategories&post=4886"},{"taxonomy":"post_tag","embeddable":true,"href":"https:\/\/diarioparanaense.com\/index.php?rest_route=%2Fwp%2Fv2%2Ftags&post=4886"}],"curies":[{"name":"wp","href":"https:\/\/api.w.org\/{rel}","templated":true}]}}