{"id":4876,"date":"2025-08-28T15:54:58","date_gmt":"2025-08-28T18:54:58","guid":{"rendered":"https:\/\/diarioparanaense.com\/?p=4876"},"modified":"2025-08-29T09:30:09","modified_gmt":"2025-08-29T12:30:09","slug":"rede-de-farmacias-nissei-participa-da-18a-edicao-do-encontro-jovem-nikkei-do-sul-do-brasil","status":"publish","type":"post","link":"https:\/\/diarioparanaense.com\/?p=4876","title":{"rendered":"Rede de Farm\u00e1cias Nissei participa da 18\u00aa Edi\u00e7\u00e3o do Encontro Jovem Nikkei do Sul do Brasil"},"content":{"rendered":"\n<p class=\"has-medium-font-size\">Empresa esteve presente no evento que celebrou os 130 anos do Tratado de Amizade Brasil-Jap\u00e3o e reuniu admiradores da cultura japonesa em Curitiba<\/p>\n\n\n\n<p>Curitiba foi palco de um dos principais eventos voltados \u00e0 forma\u00e7\u00e3o de lideran\u00e7as jovens da comunidade Nikkei e admiradores da cultura japonesa. O Encontro Jovem Nikkei do Sul do Brasil reuniu centenas de participantes na sede da Associa\u00e7\u00e3o Cultural e Beneficente Nipo-Brasileira de Curitiba (Nikkei Curitiba) em uma programa\u00e7\u00e3o marcada por palestras, workshops e atividades A Rede de Farm\u00e1cias Nissei marcou presen\u00e7a no evento como patrocinadora, refor\u00e7ando seu compromisso com a educa\u00e7\u00e3o, cultura e empreendedorismo. Em seu estande, a Nissei ofereceu servi\u00e7os como teste de glicemia, aferi\u00e7\u00e3o de press\u00e3o arterial e bioimped\u00e2ncia, al\u00e9m de realizar aplica\u00e7\u00e3o e venda de brincos.<\/p>\n\n\n\n<p>O fundador da Nissei, Sergio Maeoka, foi um dos palestrantes convidados no Painel Lideran\u00e7a Nikkei e compartilhou sua trajet\u00f3ria profissional, destacando a import\u00e2ncia da disciplina, da inova\u00e7\u00e3o e da valoriza\u00e7\u00e3o da identidade cultural como elementos fundamentais para o desenvolvimento de carreiras e para a forma\u00e7\u00e3o de novos l\u00edderes.<\/p>\n\n\n\n<p>O encontro contou com a presen\u00e7a de jovens de diferentes localidades do Brasil, que puderam acompanhar experi\u00eancias e aprendizados de empres\u00e1rios, educadores, artistas e influenciadores que utilizam os ensinamentos da cultura japonesa em suas atividades profissionais. O evento aconteceu nos dias 23 e 24 de agosto e marcou as comemora\u00e7\u00f5es dos 130 anos do Tratado de Amizade Brasil-Jap\u00e3o e dos 55 anos da Irmandade Paran\u00e1-Hyogo.<\/p>\n\n\n\n<p class=\"has-medium-font-size\">Sobre a Nissei<\/p>\n\n\n\n<p>A Farm\u00e1cias Nissei mant\u00e9m uma forte presen\u00e7a no Paran\u00e1, S\u00e3o Paulo, Santa Catarina, Goi\u00e1s e Distrito Federal. Fundada em Curitiba em 1986, a rede conta atualmente com cerca de 470 unidades em opera\u00e7\u00e3o, das quais aproximadamente 312 est\u00e3o no Paran\u00e1, 111 em S\u00e3o Paulo, e 17 em Santa Catarina, al\u00e9m de expandir suas opera\u00e7\u00f5es com 26 lojas em Goi\u00e1s e 4 no Distrito Federal.<\/p>\n\n\n\n<p>No ritmo acelerado de crescimento, a Nissei inaugurou cerca de 99 novas lojas ao longo de 2024 e 8 ao final do primeiro semestre de 2025. A rede emprega mais de 8 mil colaboradores diretos, contribuindo para um atendimento humanizado e especializado em cada unidade.<\/p>\n\n\n\n<p><strong>Imagem:<\/strong> Luiz Nishimori \u2013 Deputado Federal\u00a0do\u00a0Paran\u00e1<\/p>\n","protected":false},"excerpt":{"rendered":"<p>Empresa esteve presente no evento que celebrou os 130 anos do Tratado de Amizade Brasil-Jap\u00e3o e reuniu admiradores da cultura japonesa em Curitiba Curitiba foi palco de um dos principais eventos voltados \u00e0 forma\u00e7\u00e3o de lideran\u00e7as jovens da comunidade Nikkei e admiradores da cultura japonesa. O Encontro Jovem Nikkei do Sul do Brasil reuniu centenas [&hellip;]<\/p>\n","protected":false},"author":1,"featured_media":4880,"comment_status":"open","ping_status":"open","sticky":false,"template":"","format":"standard","meta":{"footnotes":""},"categories":[29],"tags":[],"class_list":["post-4876","post","type-post","status-publish","format-standard","has-post-thumbnail","hentry","category-artigos"],"_links":{"self":[{"href":"https:\/\/diarioparanaense.com\/index.php?rest_route=\/wp\/v2\/posts\/4876","targetHints":{"allow":["GET"]}}],"collection":[{"href":"https:\/\/diarioparanaense.com\/index.php?rest_route=\/wp\/v2\/posts"}],"about":[{"href":"https:\/\/diarioparanaense.com\/index.php?rest_route=\/wp\/v2\/types\/post"}],"author":[{"embeddable":true,"href":"https:\/\/diarioparanaense.com\/index.php?rest_route=\/wp\/v2\/users\/1"}],"replies":[{"embeddable":true,"href":"https:\/\/diarioparanaense.com\/index.php?rest_route=%2Fwp%2Fv2%2Fcomments&post=4876"}],"version-history":[{"count":1,"href":"https:\/\/diarioparanaense.com\/index.php?rest_route=\/wp\/v2\/posts\/4876\/revisions"}],"predecessor-version":[{"id":4881,"href":"https:\/\/diarioparanaense.com\/index.php?rest_route=\/wp\/v2\/posts\/4876\/revisions\/4881"}],"wp:featuredmedia":[{"embeddable":true,"href":"https:\/\/diarioparanaense.com\/index.php?rest_route=\/wp\/v2\/media\/4880"}],"wp:attachment":[{"href":"https:\/\/diarioparanaense.com\/index.php?rest_route=%2Fwp%2Fv2%2Fmedia&parent=4876"}],"wp:term":[{"taxonomy":"category","embeddable":true,"href":"https:\/\/diarioparanaense.com\/index.php?rest_route=%2Fwp%2Fv2%2Fcategories&post=4876"},{"taxonomy":"post_tag","embeddable":true,"href":"https:\/\/diarioparanaense.com\/index.php?rest_route=%2Fwp%2Fv2%2Ftags&post=4876"}],"curies":[{"name":"wp","href":"https:\/\/api.w.org\/{rel}","templated":true}]}}