{"id":4873,"date":"2025-08-28T15:50:43","date_gmt":"2025-08-28T18:50:43","guid":{"rendered":"https:\/\/diarioparanaense.com\/?p=4873"},"modified":"2025-08-28T15:50:43","modified_gmt":"2025-08-28T18:50:43","slug":"empresarios-de-curitiba-participam-da-maior-feira-de-lavanderias-do-mundo","status":"publish","type":"post","link":"https:\/\/diarioparanaense.com\/?p=4873","title":{"rendered":"Empres\u00e1rios de Curitiba participam da maior feira de lavanderias do mundo"},"content":{"rendered":"\n<p class=\"has-medium-font-size\">Evento The Clean Show foi realizado nos EUA, e apresentou novidades e tend\u00eancias para o setor de lavanderias<\/p>\n\n\n\n<p>A The Clean Show, maior feira de lavanderias do mundo, movimentou Orlando, na Fl\u00f3rida (EUA), entre os dias 23 e 26 de agosto. Esta edi\u00e7\u00e3o do evento reuniu 400 expositores, al\u00e9m de oferecer cursos e palestras para profissionais e empres\u00e1rios do setor de lavanderias de todo o mundo.<\/p>\n\n\n\n<p>O casal de empres\u00e1rios Birgit e Driano Marsili, propriet\u00e1rios da Lavoutique Lavanderia &amp; Costura, de Curitiba, participou da feira com a finalidade de trazer novas tecnologias para o Brasil. De acordo com Birgit, a The Clean Show surpreende pela quantidade de op\u00e7\u00f5es e, nesta edi\u00e7\u00e3o, pelo uso da intelig\u00eancia artificial em equipamentos, como rob\u00f4s e manequins utilizados na passadoria, por exemplo.<\/p>\n\n\n\n<p>\u201cIdentificamos muita tecnologia em novos equipamentos, al\u00e9m de produtos mais sustent\u00e1veis para a higieniza\u00e7\u00e3o das pe\u00e7as. Estamos encantados com tantas possibilidades e temos a inten\u00e7\u00e3o de levar para a Lavoutique algumas dessas novas tecnologias para aperfei\u00e7oar o nosso servi\u00e7o e atender nossos clientes com a mais alta qualidade\u201d, afirma.<\/p>\n\n\n\n<p>A The Clean Show \u00e9 realizada a cada dois anos e tem como objetivo apresentar novas tend\u00eancias de mercado e, por meio de palestras e experi\u00eancias interativas, preparar profissionais do setor, visitantes&nbsp;e&nbsp;expositores.<\/p>\n","protected":false},"excerpt":{"rendered":"<p>Evento The Clean Show foi realizado nos EUA, e apresentou novidades e tend\u00eancias para o setor de lavanderias A The Clean Show, maior feira de lavanderias do mundo, movimentou Orlando, na Fl\u00f3rida (EUA), entre os dias 23 e 26 de agosto. Esta edi\u00e7\u00e3o do evento reuniu 400 expositores, al\u00e9m de oferecer cursos e palestras para [&hellip;]<\/p>\n","protected":false},"author":1,"featured_media":4874,"comment_status":"open","ping_status":"open","sticky":false,"template":"","format":"standard","meta":{"footnotes":""},"categories":[324],"tags":[],"class_list":["post-4873","post","type-post","status-publish","format-standard","has-post-thumbnail","hentry","category-negocios"],"_links":{"self":[{"href":"https:\/\/diarioparanaense.com\/index.php?rest_route=\/wp\/v2\/posts\/4873","targetHints":{"allow":["GET"]}}],"collection":[{"href":"https:\/\/diarioparanaense.com\/index.php?rest_route=\/wp\/v2\/posts"}],"about":[{"href":"https:\/\/diarioparanaense.com\/index.php?rest_route=\/wp\/v2\/types\/post"}],"author":[{"embeddable":true,"href":"https:\/\/diarioparanaense.com\/index.php?rest_route=\/wp\/v2\/users\/1"}],"replies":[{"embeddable":true,"href":"https:\/\/diarioparanaense.com\/index.php?rest_route=%2Fwp%2Fv2%2Fcomments&post=4873"}],"version-history":[{"count":1,"href":"https:\/\/diarioparanaense.com\/index.php?rest_route=\/wp\/v2\/posts\/4873\/revisions"}],"predecessor-version":[{"id":4875,"href":"https:\/\/diarioparanaense.com\/index.php?rest_route=\/wp\/v2\/posts\/4873\/revisions\/4875"}],"wp:featuredmedia":[{"embeddable":true,"href":"https:\/\/diarioparanaense.com\/index.php?rest_route=\/wp\/v2\/media\/4874"}],"wp:attachment":[{"href":"https:\/\/diarioparanaense.com\/index.php?rest_route=%2Fwp%2Fv2%2Fmedia&parent=4873"}],"wp:term":[{"taxonomy":"category","embeddable":true,"href":"https:\/\/diarioparanaense.com\/index.php?rest_route=%2Fwp%2Fv2%2Fcategories&post=4873"},{"taxonomy":"post_tag","embeddable":true,"href":"https:\/\/diarioparanaense.com\/index.php?rest_route=%2Fwp%2Fv2%2Ftags&post=4873"}],"curies":[{"name":"wp","href":"https:\/\/api.w.org\/{rel}","templated":true}]}}