{"id":4870,"date":"2025-08-28T13:36:39","date_gmt":"2025-08-28T16:36:39","guid":{"rendered":"https:\/\/diarioparanaense.com\/?p=4870"},"modified":"2025-08-28T13:36:39","modified_gmt":"2025-08-28T16:36:39","slug":"terapia-com-argila-impulsiona-reabilitacao-de-pacientes-com-deficits-motores-e-emocionais","status":"publish","type":"post","link":"https:\/\/diarioparanaense.com\/?p=4870","title":{"rendered":"Terapia com argila impulsiona reabilita\u00e7\u00e3o de pacientes com d\u00e9ficits motores e emocionais"},"content":{"rendered":"\n<p class=\"has-medium-font-size\">Atividade em grupo, mediada por equipe multidisciplinar, promove fortalecimento muscular, integra\u00e7\u00e3o sensorial e melhora na socializa\u00e7\u00e3o<\/p>\n\n\n\n<p>A reabilita\u00e7\u00e3o de pacientes com d\u00e9ficit motor e de coordena\u00e7\u00e3o motora fina ganha novas possibilidades por meio da terapia com argila \u2014 tamb\u00e9m conhecida como argiloterapia \u2014, pr\u00e1tica que combina est\u00edmulos sensoriais e motores com benef\u00edcios comprovados na neuroreabilita\u00e7\u00e3o.<\/p>\n\n\n\n<p>Na YUNA, institui\u00e7\u00e3o especializada em transi\u00e7\u00e3o de cuidados, essa atividade \u00e9 conduzida em grupo, sob supervis\u00e3o de uma equipe multidisciplinar formada por profissionais de fisioterapia, terapia ocupacional, fonoaudiologia, psicologia e servi\u00e7o social. O trabalho \u00e9 realizado no grupo MovimentA\u00e7\u00e3o, que promove encontros semanais com foco no desenvolvimento funcional, na autonomia e na conviv\u00eancia social dos pacientes.<\/p>\n\n\n\n<p class=\"has-medium-font-size\">Est\u00edmulo sensorial e fortalecimento motor<\/p>\n\n\n\n<p>A manipula\u00e7\u00e3o da argila estimula a musculatura das m\u00e3os, aprimora a coordena\u00e7\u00e3o motora fina e contribui para o controle postural. Segundo estudo publicado na Journal of Hand Therapy (\u201cEffectiveness of clay modeling on grip strength in adults with neuromotor lesions\u201d &#8211; 2019), atividades t\u00e1teis como a modelagem com argila podem aumentar em at\u00e9 37% a for\u00e7a de preens\u00e3o manual em pacientes com les\u00f5es neuromotoras, ap\u00f3s oito semanas de interven\u00e7\u00e3o supervisionada.<\/p>\n\n\n\n<p>Esses est\u00edmulos, quando conduzidos em ambiente seguro e acolhedor, favorecem a recupera\u00e7\u00e3o funcional de forma mais leve e engajadora, especialmente entre pacientes em reabilita\u00e7\u00e3o prolongada.<br>Ganhos emocionais e fortalecimento de v\u00ednculos<\/p>\n\n\n\n<p>Al\u00e9m dos benef\u00edcios f\u00edsicos, os impactos emocionais da argiloterapia tamb\u00e9m s\u00e3o significativos. Um levantamento da American Art Therapy Association (\u201cArt Therapy Clay Interventions: Emotional Expression and Anxiety Reduction Survey\u201d &#8211; 2020) apontou que 85% dos pacientes submetidos \u00e0 terapia com argila relataram melhora na express\u00e3o emocional e redu\u00e7\u00e3o de sintomas ansiosos. Essa resposta positiva est\u00e1 relacionada tanto ao efeito calmante da argila quanto ao ambiente de confian\u00e7a gerado nos encontros em grupo.<\/p>\n\n\n\n<p>Nesse contexto, a atua\u00e7\u00e3o articulada da equipe multidisciplinar amplia os resultados. O fisioterapeuta orienta os movimentos e adapta os exerc\u00edcios \u00e0s necessidades de cada paciente; o fonoaudi\u00f3logo trabalha a motricidade orofacial e os aspectos comunicativos; o psic\u00f3logo estimula a express\u00e3o emocional, o v\u00ednculo grupal e a autoestima; e o assistente social contribui com suporte familiar e a\u00e7\u00f5es de reintegra\u00e7\u00e3o social, enquanto a terapia ocupacional estimula os movimentos finos m\u00e3os, trabalhando a coordena\u00e7\u00e3o, precis\u00e3o, destreza na confec\u00e7\u00e3o das pe\u00e7as.<\/p>\n\n\n\n<p>\u201cA argila tem um poder terap\u00eautico amplo: \u00e9 mat\u00e9ria-prima de reconstru\u00e7\u00e3o, express\u00e3o e v\u00ednculo. Quando trabalhada em grupo e com acompanhamento especializado, se torna um recurso altamente efetivo na reabilita\u00e7\u00e3o ampliada\u201d, destaca Michelle Mantovanelli, coordenadora da equipe multidisciplinar da YUNA.<\/p>\n\n\n\n<p class=\"has-medium-font-size\">Inclus\u00e3o e participa\u00e7\u00e3o ativa na reabilita\u00e7\u00e3o<\/p>\n\n\n\n<p>Segundo dados do Censo 2022, divulgado pelo IBGE em maio de 2025, o Brasil tem 14,4 milh\u00f5es de pessoas convivem com algum tipo de defici\u00eancia motora, o que representa 7,3% da popula\u00e7\u00e3o com dois anos ou mais de idade, incluindo 2,7 milh\u00f5es com dificuldade de coordena\u00e7\u00e3o motora fina. Parte significativa dessa popula\u00e7\u00e3o necessita de abordagens terap\u00eauticas integradas, que considerem o indiv\u00edduo de forma ampliada, respeitando sua trajet\u00f3ria, limita\u00e7\u00f5es e potencialidades.<\/p>\n\n\n\n<p>Nesse sentido, a terapia com argila se destaca por aliar funcionalidade, acolhimento emocional e est\u00edmulo \u00e0 conviv\u00eancia \u2014 pilares que fazem parte do modelo de reabilita\u00e7\u00e3o centrado na pessoa, promovido pela institui\u00e7\u00e3o.<\/p>\n\n\n\n<p class=\"has-medium-font-size\">Sobre a YUNA<\/p>\n\n\n\n<p>A YUNA, especializada em transi\u00e7\u00e3o de cuidados, oferece suporte completo para pacientes de reabilita\u00e7\u00e3o, cuidados paliativos e continuados, atendimento individualizado e assist\u00eancia multidisciplinar. Mais informa\u00e7\u00f5es no telefone (11) 3087-3800 ou no site https:\/\/yuna.com.br\/.<\/p>\n","protected":false},"excerpt":{"rendered":"<p>Atividade em grupo, mediada por equipe multidisciplinar, promove fortalecimento muscular, integra\u00e7\u00e3o sensorial e melhora na socializa\u00e7\u00e3o A reabilita\u00e7\u00e3o de pacientes com d\u00e9ficit motor e de coordena\u00e7\u00e3o motora fina ganha novas possibilidades por meio da terapia com argila \u2014 tamb\u00e9m conhecida como argiloterapia \u2014, pr\u00e1tica que combina est\u00edmulos sensoriais e motores com benef\u00edcios comprovados na neuroreabilita\u00e7\u00e3o. [&hellip;]<\/p>\n","protected":false},"author":1,"featured_media":4871,"comment_status":"open","ping_status":"open","sticky":false,"template":"","format":"standard","meta":{"footnotes":""},"categories":[29],"tags":[],"class_list":["post-4870","post","type-post","status-publish","format-standard","has-post-thumbnail","hentry","category-artigos"],"_links":{"self":[{"href":"https:\/\/diarioparanaense.com\/index.php?rest_route=\/wp\/v2\/posts\/4870","targetHints":{"allow":["GET"]}}],"collection":[{"href":"https:\/\/diarioparanaense.com\/index.php?rest_route=\/wp\/v2\/posts"}],"about":[{"href":"https:\/\/diarioparanaense.com\/index.php?rest_route=\/wp\/v2\/types\/post"}],"author":[{"embeddable":true,"href":"https:\/\/diarioparanaense.com\/index.php?rest_route=\/wp\/v2\/users\/1"}],"replies":[{"embeddable":true,"href":"https:\/\/diarioparanaense.com\/index.php?rest_route=%2Fwp%2Fv2%2Fcomments&post=4870"}],"version-history":[{"count":1,"href":"https:\/\/diarioparanaense.com\/index.php?rest_route=\/wp\/v2\/posts\/4870\/revisions"}],"predecessor-version":[{"id":4872,"href":"https:\/\/diarioparanaense.com\/index.php?rest_route=\/wp\/v2\/posts\/4870\/revisions\/4872"}],"wp:featuredmedia":[{"embeddable":true,"href":"https:\/\/diarioparanaense.com\/index.php?rest_route=\/wp\/v2\/media\/4871"}],"wp:attachment":[{"href":"https:\/\/diarioparanaense.com\/index.php?rest_route=%2Fwp%2Fv2%2Fmedia&parent=4870"}],"wp:term":[{"taxonomy":"category","embeddable":true,"href":"https:\/\/diarioparanaense.com\/index.php?rest_route=%2Fwp%2Fv2%2Fcategories&post=4870"},{"taxonomy":"post_tag","embeddable":true,"href":"https:\/\/diarioparanaense.com\/index.php?rest_route=%2Fwp%2Fv2%2Ftags&post=4870"}],"curies":[{"name":"wp","href":"https:\/\/api.w.org\/{rel}","templated":true}]}}