{"id":4864,"date":"2025-08-28T09:28:25","date_gmt":"2025-08-28T12:28:25","guid":{"rendered":"https:\/\/diarioparanaense.com\/?p=4864"},"modified":"2025-08-28T09:28:26","modified_gmt":"2025-08-28T12:28:26","slug":"alunos-de-curitiba-viram-autores-e-autografam-seus-proprios-livros-em-projeto-literario-escolar","status":"publish","type":"post","link":"https:\/\/diarioparanaense.com\/?p=4864","title":{"rendered":"Alunos de Curitiba viram autores e autografam seus pr\u00f3prios livros em projeto liter\u00e1rio escolar"},"content":{"rendered":"\n<p class=\"has-medium-font-size\">Iniciativa do Col\u00e9gio Marista Paranaense incentiva leitura, escrita e protagonismo criativo de crian\u00e7as da Educa\u00e7\u00e3o Infantil e do Ensino Fundamental Anos Iniciais<\/p>\n\n\n\n<p>Em tempos de telas e distra\u00e7\u00f5es digitais, estudantes do Col\u00e9gio Marista Paranaense, em Curitiba, est\u00e3o redescobrindo o prazer da leitura e da escrita de uma forma \u00fanica: virando autores das pr\u00f3prias hist\u00f3rias. \u00c9 o que prop\u00f5e o projeto \u201cSuperAutor\u201d, voltado para alunos do per\u00edodo Integral da Educa\u00e7\u00e3o Infantil e Ensino Fundamental Anos Iniciais. Mais do que uma atividade escolar, a iniciativa \u00e9 uma experi\u00eancia transformadora que valoriza a imagina\u00e7\u00e3o e o protagonismo infantil.<\/p>\n\n\n\n<p>Ao longo do projeto, cada crian\u00e7a mergulha em um processo completo de cria\u00e7\u00e3o: pensa em uma narrativa, desenvolve personagens, ilustra as cenas e redige sua pr\u00f3pria hist\u00f3ria, com o apoio dos professores e da fam\u00edlia. Ao final, os pequenos escritores recebem seus livros prontos, com direito a evento de aut\u00f3grafos para celebrar a conquista junto a colegas e familiares.<\/p>\n\n\n\n<p>\u201cMais do que incentivar o gosto pela leitura e escrita, o projeto estimula a criatividade, a imagina\u00e7\u00e3o, o protagonismo e o orgulho pessoal. As crian\u00e7as mergulham em um processo de cria\u00e7\u00e3o completo e significativo, valorizando suas ideias e trajet\u00f3rias\u201d, explica a coordenadora do per\u00edodo integral do Col\u00e9gio, Graziele Maria Franceschi Staben.<\/p>\n\n\n\n<p>Um dos momentos mais esperados \u00e9 o lan\u00e7amento das obras, quando os estudantes se tornam autores de verdade e com direito a sess\u00e3o de aut\u00f3grafos. A a\u00e7\u00e3o, segundo a coordena\u00e7\u00e3o, tamb\u00e9m refor\u00e7a os la\u00e7os afetivos entre escola e fam\u00edlia e planta nas crian\u00e7as a certeza de que suas hist\u00f3rias e sonhos t\u00eam valor.<\/p>\n\n\n\n<p>Para a aluna do 5\u00ba ano, Alice Ribas Zak, a experi\u00eancia foi inesquec\u00edvel. Ela \u00e9 autora do livro \u201cA Exploradora\u201d, que conta a hist\u00f3ria de uma aventureira que encontra um f\u00f3ssil em um local proibido, mas decide devolv\u00ea-lo e, por sua atitude, recebe um presente inesperado. \u201cQuando estava escrevendo a minha pr\u00f3pria hist\u00f3ria, me senti realmente dentro dela. Foi maravilhoso! Se eu pudesse, escreveria mais um livro para mostrar que nem tudo que \u00e9 divertido est\u00e1 nas telas. Tem muita coisa nos livros que a gente leva para a vida inteira\u201d, relata.<\/p>\n\n\n\n<p>O projeto \u201cSuperAutor\u201d \u00e9 mais uma iniciativa do Marista Paranaense que mostra como a educa\u00e7\u00e3o pode ser afetiva, criativa, transformadora e como a leitura continua sendo uma das ferramentas mais poderosas na forma\u00e7\u00e3o de cidad\u00e3os conscientes e sens\u00edveis.<\/p>\n\n\n\n<p class=\"has-medium-font-size\">SOBRE OS COL\u00c9GIOS MARISTAS<\/p>\n\n\n\n<p>O Col\u00e9gio Marista Paranaense integra o Marista Brasil, uma rede de col\u00e9gios e escolas presente em 20 estados brasileiros e no Distrito Federal, atendendo mais de 99 mil crian\u00e7as, jovens e adultos em 96 unidades de ensino. Os estudantes recebem forma\u00e7\u00e3o integral, composta pela tradi\u00e7\u00e3o dos valores Maristas e pela excel\u00eancia acad\u00eamica alinhada aos desafios contempor\u00e2neos. Por meio de propostas pedag\u00f3gicas diferenciadas, crian\u00e7as e jovens desenvolvem conhecimento, pensamento cr\u00edtico, autonomia e se tornam mais preparados para viver em uma sociedade em constante transforma\u00e7\u00e3o. Saiba mais em: maristabrasil.org\u00a0.<\/p>\n","protected":false},"excerpt":{"rendered":"<p>Iniciativa do Col\u00e9gio Marista Paranaense incentiva leitura, escrita e protagonismo criativo de crian\u00e7as da Educa\u00e7\u00e3o Infantil e do Ensino Fundamental Anos Iniciais Em tempos de telas e distra\u00e7\u00f5es digitais, estudantes do Col\u00e9gio Marista Paranaense, em Curitiba, est\u00e3o redescobrindo o prazer da leitura e da escrita de uma forma \u00fanica: virando autores das pr\u00f3prias hist\u00f3rias. \u00c9 [&hellip;]<\/p>\n","protected":false},"author":1,"featured_media":4865,"comment_status":"open","ping_status":"open","sticky":false,"template":"","format":"standard","meta":{"footnotes":""},"categories":[424,148],"tags":[],"class_list":["post-4864","post","type-post","status-publish","format-standard","has-post-thumbnail","hentry","category-curitiba","category-educacao"],"_links":{"self":[{"href":"https:\/\/diarioparanaense.com\/index.php?rest_route=\/wp\/v2\/posts\/4864","targetHints":{"allow":["GET"]}}],"collection":[{"href":"https:\/\/diarioparanaense.com\/index.php?rest_route=\/wp\/v2\/posts"}],"about":[{"href":"https:\/\/diarioparanaense.com\/index.php?rest_route=\/wp\/v2\/types\/post"}],"author":[{"embeddable":true,"href":"https:\/\/diarioparanaense.com\/index.php?rest_route=\/wp\/v2\/users\/1"}],"replies":[{"embeddable":true,"href":"https:\/\/diarioparanaense.com\/index.php?rest_route=%2Fwp%2Fv2%2Fcomments&post=4864"}],"version-history":[{"count":1,"href":"https:\/\/diarioparanaense.com\/index.php?rest_route=\/wp\/v2\/posts\/4864\/revisions"}],"predecessor-version":[{"id":4866,"href":"https:\/\/diarioparanaense.com\/index.php?rest_route=\/wp\/v2\/posts\/4864\/revisions\/4866"}],"wp:featuredmedia":[{"embeddable":true,"href":"https:\/\/diarioparanaense.com\/index.php?rest_route=\/wp\/v2\/media\/4865"}],"wp:attachment":[{"href":"https:\/\/diarioparanaense.com\/index.php?rest_route=%2Fwp%2Fv2%2Fmedia&parent=4864"}],"wp:term":[{"taxonomy":"category","embeddable":true,"href":"https:\/\/diarioparanaense.com\/index.php?rest_route=%2Fwp%2Fv2%2Fcategories&post=4864"},{"taxonomy":"post_tag","embeddable":true,"href":"https:\/\/diarioparanaense.com\/index.php?rest_route=%2Fwp%2Fv2%2Ftags&post=4864"}],"curies":[{"name":"wp","href":"https:\/\/api.w.org\/{rel}","templated":true}]}}