{"id":4861,"date":"2025-08-28T09:26:25","date_gmt":"2025-08-28T12:26:25","guid":{"rendered":"https:\/\/diarioparanaense.com\/?p=4861"},"modified":"2025-08-28T09:26:25","modified_gmt":"2025-08-28T12:26:25","slug":"projeto-dorcas-faz-campanha-para-garantir-proteina-no-prato-das-criancas","status":"publish","type":"post","link":"https:\/\/diarioparanaense.com\/?p=4861","title":{"rendered":"Projeto Dorcas faz campanha para garantir prote\u00edna no prato das crian\u00e7as"},"content":{"rendered":"\n<p class=\"has-medium-font-size\">Contraturno em Almirante Tamandar\u00e9 busca financiadores das 4 refei\u00e7\u00f5es di\u00e1rias<\/p>\n\n\n\n<p>Para Paulo Ricardo, de 14 anos, chegar ao Projeto Dorcas \u00e9 sin\u00f4nimo de matar a fome. Ele mora no Jardim Bonfim, em Almirante Tamandar\u00e9 (PR), onde frequenta o 9\u00ba ano na escola e sonha em um dia ser policial. \u00c9 no Dorcas seu principal local de alimenta\u00e7\u00e3o. Ali s\u00e3o servidas quatro refei\u00e7\u00f5es por dia, e elas participam de acordo com o turno em que est\u00e3o ali. S\u00e3o 300 crian\u00e7as e adolescentes, que frequentam aulas de m\u00fasica, dan\u00e7a, capoeira, refor\u00e7o escolar e impulso jovem.<\/p>\n\n\n\n<p>Por\u00e9m, um dos maiores desafios no Terceiro Setor \u00e9 reunir fontes de financiamento confi\u00e1veis e duradouras. No Projeto Dorcas, ao longo de seus 30 anos de exist\u00eancia, n\u00e3o tem sido diferente.<\/p>\n\n\n\n<p>Depois de conquistar seu pr\u00f3prio terreno em Almirante Tamandar\u00e9 (PR), o que permite sonhar com a sede pr\u00f3pria a ser constru\u00edda nos pr\u00f3ximos anos, surge uma necessidade urgente: financiar a prote\u00edna necess\u00e1ria para alimentar as crian\u00e7as atendidas nos dois contraturnos no Bairro Bonfim.<\/p>\n\n\n\n<p>Essa tem sido a rotina da institui\u00e7\u00e3o, na busca do desenvolvimento de crian\u00e7as e adolescentes de forma plena. \u201cSempre tivemos o compromisso muito fiel de nossos apoiadores, porque todos os dias o Dorcas serve mais que comida: serve cuidado, dignidade e futuro. E neste momento precisamos de financiadores da prote\u00edna das nossas crian\u00e7as\u201d, explica a diretora do Projeto Dorcas, Darcle Cunha.<\/p>\n\n\n\n<p>Para participar, o doador precisa se comprometer em doar R$ 79 ao m\u00eas. Quando atingir 96 doadores comprometidos, o Dorcas ter\u00e1 100% do custo da alimenta\u00e7\u00e3o de suas crian\u00e7as garantido. E assim o projeto segue transformando vidas de crian\u00e7as e adolescentes de 4 a 21 anos, com todo o compromisso e profissionalismo necess\u00e1rios.<\/p>\n\n\n\n<p><strong>Como contribuir:<br><\/strong>Campanha: Prato Cheio \u2013 Compromisso Dorcas<br>Doa\u00e7\u00e3o de R$ 79 ao m\u00eas<br>Meta: alcan\u00e7ar 96 apoiadores mensais de longo prazo<\/p>\n\n\n\n<ul class=\"wp-block-list\">\n<li>Pix recorrente: CNPJ 07.983.650\/0001-43<\/li>\n\n\n\n<li>Ou pelo link <a href=\"https:\/\/projetodorcas.apoiar.co\/\">https:\/\/projetodorcas.apoiar.co\/<\/a><\/li>\n<\/ul>\n\n\n\n<p><strong>Sobre o Dorcas:<\/strong> O Dorcas \u00e9 administrado pela Associa\u00e7\u00e3o Evang\u00e9lica Cristo Redentor (AECRI) e tem como principal apoiadora a Comunidade Luterana do Redentor, de Curitiba. Conta tamb\u00e9m com doa\u00e7\u00f5es de pessoas f\u00edsicas e jur\u00eddicas e de institui\u00e7\u00f5es parceiras. O Projeto Dorcas \u00e9 reconhecido pelo poder p\u00fablico e pela popula\u00e7\u00e3o local como uma entidade s\u00e9ria e comprometida com o bem estar da comunidade onde est\u00e1 inserida, o bairro Bonfim, em Almirante Tamandar\u00e9, buscando aplicar com a m\u00e1xima efici\u00eancia e responsabilidade os recursos adquiridos atrav\u00e9s\u00a0de\u00a0doa\u00e7\u00f5es.<\/p>\n","protected":false},"excerpt":{"rendered":"<p>Contraturno em Almirante Tamandar\u00e9 busca financiadores das 4 refei\u00e7\u00f5es di\u00e1rias Para Paulo Ricardo, de 14 anos, chegar ao Projeto Dorcas \u00e9 sin\u00f4nimo de matar a fome. Ele mora no Jardim Bonfim, em Almirante Tamandar\u00e9 (PR), onde frequenta o 9\u00ba ano na escola e sonha em um dia ser policial. \u00c9 no Dorcas seu principal local [&hellip;]<\/p>\n","protected":false},"author":1,"featured_media":4862,"comment_status":"open","ping_status":"open","sticky":false,"template":"","format":"standard","meta":{"footnotes":""},"categories":[29],"tags":[],"class_list":["post-4861","post","type-post","status-publish","format-standard","has-post-thumbnail","hentry","category-artigos"],"_links":{"self":[{"href":"https:\/\/diarioparanaense.com\/index.php?rest_route=\/wp\/v2\/posts\/4861","targetHints":{"allow":["GET"]}}],"collection":[{"href":"https:\/\/diarioparanaense.com\/index.php?rest_route=\/wp\/v2\/posts"}],"about":[{"href":"https:\/\/diarioparanaense.com\/index.php?rest_route=\/wp\/v2\/types\/post"}],"author":[{"embeddable":true,"href":"https:\/\/diarioparanaense.com\/index.php?rest_route=\/wp\/v2\/users\/1"}],"replies":[{"embeddable":true,"href":"https:\/\/diarioparanaense.com\/index.php?rest_route=%2Fwp%2Fv2%2Fcomments&post=4861"}],"version-history":[{"count":1,"href":"https:\/\/diarioparanaense.com\/index.php?rest_route=\/wp\/v2\/posts\/4861\/revisions"}],"predecessor-version":[{"id":4863,"href":"https:\/\/diarioparanaense.com\/index.php?rest_route=\/wp\/v2\/posts\/4861\/revisions\/4863"}],"wp:featuredmedia":[{"embeddable":true,"href":"https:\/\/diarioparanaense.com\/index.php?rest_route=\/wp\/v2\/media\/4862"}],"wp:attachment":[{"href":"https:\/\/diarioparanaense.com\/index.php?rest_route=%2Fwp%2Fv2%2Fmedia&parent=4861"}],"wp:term":[{"taxonomy":"category","embeddable":true,"href":"https:\/\/diarioparanaense.com\/index.php?rest_route=%2Fwp%2Fv2%2Fcategories&post=4861"},{"taxonomy":"post_tag","embeddable":true,"href":"https:\/\/diarioparanaense.com\/index.php?rest_route=%2Fwp%2Fv2%2Ftags&post=4861"}],"curies":[{"name":"wp","href":"https:\/\/api.w.org\/{rel}","templated":true}]}}