{"id":4858,"date":"2025-08-28T09:24:36","date_gmt":"2025-08-28T12:24:36","guid":{"rendered":"https:\/\/diarioparanaense.com\/?p=4858"},"modified":"2025-08-28T09:24:37","modified_gmt":"2025-08-28T12:24:37","slug":"industria-do-grupo-the-best-acai-esta-entre-as-empresas-que-mais-cresceram-em-2024","status":"publish","type":"post","link":"https:\/\/diarioparanaense.com\/?p=4858","title":{"rendered":"Ind\u00fastria do Grupo The Best A\u00e7a\u00ed est\u00e1 entre as empresas que mais cresceram em 2024"},"content":{"rendered":"\n<p>Com 65% de crescimento em receita, Amadelli Alimentos se consolida como pot\u00eancia nacional na produ\u00e7\u00e3o de a\u00e7a\u00ed e sorvetes<\/p>\n\n\n\n<p>A Amadelli Alimentos, f\u00e1brica respons\u00e1vel pela produ\u00e7\u00e3o do portf\u00f3lio da The Best A\u00e7a\u00ed, acaba de conquistar o 11\u00ba lugar no ranking das empresas que mais cresceram no Brasil em 2024, na categoria de faturamento entre R$ 150 milh\u00f5es e R$ 300 milh\u00f5es. O levantamento, realizado pelo BTG Pactual em parceria com a revista Exame, reconhece neg\u00f3cios que v\u00eam se destacando pelo crescimento acelerado e modelo de opera\u00e7\u00e3o escal\u00e1vel.<\/p>\n\n\n\n<p>Com um crescimento de 65% na receita no \u00faltimo ano, a Amadelli Alimentos se consolida como uma das maiores ind\u00fastrias de a\u00e7a\u00ed e sorvetes do pa\u00eds. A empresa tem papel estrat\u00e9gico no plano de expans\u00e3o da marca The Best A\u00e7a\u00ed, que j\u00e1 conta com mais de 750 unidades em opera\u00e7\u00e3o no Brasil e no exterior, al\u00e9m de uma linha robusta de produtos voltados ao mercado de food service e varejo.<\/p>\n\n\n\n<p>Tecnologia, padroniza\u00e7\u00e3o e qualidade s\u00e3o pilares da opera\u00e7\u00e3o da Amadelli, que combina inova\u00e7\u00e3o em processos com o cuidado artesanal na escolha dos ingredientes. Com sede no Paran\u00e1, a f\u00e1brica atua como centro de produ\u00e7\u00e3o, P&amp;D e distribui\u00e7\u00e3o, sendo respons\u00e1vel por sustentar o ritmo de crescimento da marca nos \u00faltimos anos.<\/p>\n\n\n\n<p>\u201cA Amadelli representa nossa for\u00e7a produtiva. O crescimento expressivo no ranking mostra que estamos no caminho certo, unindo sabor, estrat\u00e9gia e consist\u00eancia para escalar com qualidade e manter o padr\u00e3o que consolidou o The Best A\u00e7a\u00ed como refer\u00eancia no mercado\u201d, afirma S\u00e9rgio Kendy, CEO da The Best A\u00e7a\u00ed.<\/p>\n\n\n\n<p>Em 2025, a expectativa \u00e9 ampliar a capacidade de produ\u00e7\u00e3o, refor\u00e7ando o papel da Amadelli como base da expans\u00e3o industrial do grupo. \u201cO desempenho da f\u00e1brica \u00e9 um dos pilares fundamentais para que o Grupo The Best A\u00e7a\u00ed alcance a meta de R$ 1 bilh\u00e3o em faturamento nesse ano, mantendo o foco em excel\u00eancia de produtos, efici\u00eancia operacional e inova\u00e7\u00e3o cont\u00ednua\u201d, finaliza Kendy.<\/p>\n\n\n\n<p>Sobre a The Best A\u00e7a\u00ed<\/p>\n\n\n\n<p>A The Best A\u00e7a\u00ed nasceu em 2017 a partir da for\u00e7a de vontade e olhar vision\u00e1rio de tr\u00eas jovens empreendedores e tem como prop\u00f3sito democratizar o consumo do a\u00e7a\u00ed. Com a premissa de oferecer qualidade e diversidade de op\u00e7\u00f5es em torno da fruta em um modelo self-service focado na experi\u00eancia do consumidor, a rede tem lojas Goi\u00e1s, Mato Grosso, Mato Grosso do Sul, Minas Gerais, Paran\u00e1, Rio Grande do Sul, Rio de Janeiro, S\u00e3o Paulo, Santa Catarina, Esp\u00edrito Santo, Bahia, Bras\u00edlia e Tocantins. A Amadelli, f\u00e1brica e distribuidora dos produtos The Best A\u00e7a\u00ed, traz tecnologia de ponta que garante a qualidade e o sabor incompar\u00e1vel dos produtos encontrados em todas as lojas da rede. Fazem parte do Grupo The Best as marcas The Best A\u00e7a\u00ed, Amadelli Alimentos e AmaFruta. Acesse o maior Instagram de a\u00e7a\u00ed do mundo: @thebestacaiofficial e saiba mais em: https:\/\/thebestacai.com.br<\/p>\n","protected":false},"excerpt":{"rendered":"<p>Com 65% de crescimento em receita, Amadelli Alimentos se consolida como pot\u00eancia nacional na produ\u00e7\u00e3o de a\u00e7a\u00ed e sorvetes A Amadelli Alimentos, f\u00e1brica respons\u00e1vel pela produ\u00e7\u00e3o do portf\u00f3lio da The Best A\u00e7a\u00ed, acaba de conquistar o 11\u00ba lugar no ranking das empresas que mais cresceram no Brasil em 2024, na categoria de faturamento entre R$ [&hellip;]<\/p>\n","protected":false},"author":1,"featured_media":4859,"comment_status":"open","ping_status":"open","sticky":false,"template":"","format":"standard","meta":{"footnotes":""},"categories":[324],"tags":[],"class_list":["post-4858","post","type-post","status-publish","format-standard","has-post-thumbnail","hentry","category-negocios"],"_links":{"self":[{"href":"https:\/\/diarioparanaense.com\/index.php?rest_route=\/wp\/v2\/posts\/4858","targetHints":{"allow":["GET"]}}],"collection":[{"href":"https:\/\/diarioparanaense.com\/index.php?rest_route=\/wp\/v2\/posts"}],"about":[{"href":"https:\/\/diarioparanaense.com\/index.php?rest_route=\/wp\/v2\/types\/post"}],"author":[{"embeddable":true,"href":"https:\/\/diarioparanaense.com\/index.php?rest_route=\/wp\/v2\/users\/1"}],"replies":[{"embeddable":true,"href":"https:\/\/diarioparanaense.com\/index.php?rest_route=%2Fwp%2Fv2%2Fcomments&post=4858"}],"version-history":[{"count":1,"href":"https:\/\/diarioparanaense.com\/index.php?rest_route=\/wp\/v2\/posts\/4858\/revisions"}],"predecessor-version":[{"id":4860,"href":"https:\/\/diarioparanaense.com\/index.php?rest_route=\/wp\/v2\/posts\/4858\/revisions\/4860"}],"wp:featuredmedia":[{"embeddable":true,"href":"https:\/\/diarioparanaense.com\/index.php?rest_route=\/wp\/v2\/media\/4859"}],"wp:attachment":[{"href":"https:\/\/diarioparanaense.com\/index.php?rest_route=%2Fwp%2Fv2%2Fmedia&parent=4858"}],"wp:term":[{"taxonomy":"category","embeddable":true,"href":"https:\/\/diarioparanaense.com\/index.php?rest_route=%2Fwp%2Fv2%2Fcategories&post=4858"},{"taxonomy":"post_tag","embeddable":true,"href":"https:\/\/diarioparanaense.com\/index.php?rest_route=%2Fwp%2Fv2%2Ftags&post=4858"}],"curies":[{"name":"wp","href":"https:\/\/api.w.org\/{rel}","templated":true}]}}