{"id":4855,"date":"2025-08-28T09:22:38","date_gmt":"2025-08-28T12:22:38","guid":{"rendered":"https:\/\/diarioparanaense.com\/?p=4855"},"modified":"2025-08-28T09:22:38","modified_gmt":"2025-08-28T12:22:38","slug":"alto-giro-inaugura-sua-primeira-franquia-e-anuncia-plano-de-expansao-apos-42-anos-de-historia","status":"publish","type":"post","link":"https:\/\/diarioparanaense.com\/?p=4855","title":{"rendered":"Alto Giro inaugura sua primeira franquia e anuncia plano de expans\u00e3o ap\u00f3s 42 anos de hist\u00f3ria"},"content":{"rendered":"\n<p class=\"has-medium-font-size\">Moda, tecnologia, sustentabilidade e estilo de vida s\u00e3o os pilares da marca, original de Maring\u00e1 (PR)<\/p>\n\n\n\n<p>A Alto Giro, refer\u00eancia no segmento de moda fitness premium, d\u00e1 in\u00edcio a um novo cap\u00edtulo em sua trajet\u00f3ria. Ap\u00f3s 42 anos de hist\u00f3ria e nove lojas pr\u00f3prias, a marca abriu sua primeira unidade franqueada no dia 23 de agosto, no Shopping Mueller, em Curitiba (PR). O lan\u00e7amento marca o ponto de partida para um plano de expans\u00e3o ousado: a abertura de mais oito lojas neste modelo j\u00e1 em 2026.<\/p>\n\n\n\n<p>\u201cAo longo dos anos, constru\u00edmos uma rela\u00e7\u00e3o muito s\u00f3lida e de confian\u00e7a com os nossos clientes.<br>Pesquisamos profundamente os desejos e necessidades desse consumidor e, agora, com o modelo de franquia, nosso objetivo \u00e9 ampliar o contato com ele, acelerando a presen\u00e7a em novos mercados e aproveitando o crescimento expressivo do segmento fitness, que movimenta bilh\u00f5es de reais ao ano\u201d, explica Edson Filho, diretor comercial e de marketing da Alto Giro.<\/p>\n\n\n\n<p class=\"has-medium-font-size\">Mais que moda, um lifestyle<\/p>\n\n\n\n<p>Antes de ser uma marca de roupas, a Alto Giro representa um estilo de vida. Suas pe\u00e7as unem design sofisticado, funcionalidade e alta performance, com costura diferenciada e tecnologia embarcada. \u201cInvestimos muito em tecidos de alta performance, conforto e durabilidade. Nossos designs unem estilo e funcionalidade, traduzindo um estilo de vida saud\u00e1vel, mas com sofistica\u00e7\u00e3o e conforto\u201d, destaca Edson.<\/p>\n\n\n\n<p>A busca pela inova\u00e7\u00e3o \u00e9 uma constante. A cada cole\u00e7\u00e3o, a marca antecipa tend\u00eancias internacionais e as adapta ao estilo de vida brasileiro, sempre com um olhar atento ao comportamento do consumidor. \u201cO sucesso da Alto Giro \u00e9 fruto da qualidade consistente e da busca incessante por inova\u00e7\u00e3o. Queremos surpreender e inspirar as pessoas a se sentirem bem, seja praticando esporte ou vivendo o dia a dia com conforto e seguran\u00e7a\u201d, afirma o executivo.<\/p>\n\n\n\n<p class=\"has-medium-font-size\">Sustentabilidade como pilar<\/p>\n\n\n\n<p>A responsabilidade socioambiental \u00e9 um dos pilares da Alto Giro. A marca conquistou o selo ESG, em parceria com o SESI Paran\u00e1, ap\u00f3s um processo de mentoria de sete meses que envolveu a\u00e7\u00f5es como descarte correto de res\u00edduos e integra\u00e7\u00e3o de princ\u00edpios ambientais, sociais, de governan\u00e7a e gest\u00e3o.<\/p>\n\n\n\n<p>Nas lojas, a experi\u00eancia sustent\u00e1vel come\u00e7a na decora\u00e7\u00e3o, que utiliza materiais reciclados, como garrafas PET aplicadas em paredes, m\u00f3veis e forros ac\u00fasticos, al\u00e9m de tintas minerais ecol\u00f3gicas. O piso e as cortinas dos provadores tamb\u00e9m s\u00e3o recicl\u00e1veis. Na produ\u00e7\u00e3o, pe\u00e7as como a camiseta Dry s\u00e3o confeccionadas com poli\u00e9ster reciclado derivado de garrafas PET descartadas, reduzindo o ac\u00famulo de res\u00edduos em aterros e emiss\u00f5es de CO\u2082. Al\u00e9m disso, o uso de algod\u00e3o certificado pela Better Cotton Initiative (BCI) garante menor impacto ambiental e melhores condi\u00e7\u00f5es para comunidades agr\u00edcolas.<\/p>\n\n\n\n<p class=\"has-medium-font-size\">Apoio ao esporte e \u00e0 inclus\u00e3o<\/p>\n\n\n\n<p>Comprometida em fomentar o esporte e a inclus\u00e3o, a Alto Giro apoia atletas e paratletas em diferentes modalidades, refor\u00e7ando seu v\u00ednculo com o universo esportivo e com a promo\u00e7\u00e3o de um estilo de vida saud\u00e1vel.<\/p>\n\n\n\n<p>Com a primeira franquia prestes a abrir as portas e um plano robusto de expans\u00e3o, a Alto Giro reafirma seu compromisso de unir moda, tecnologia, sustentabilidade e estilo de vida. \u201cO formato de franquia vai fazer com que a experi\u00eancia Alto Giro chegue a mais cidades e a um n\u00famero maior de pessoas\u201d, conclui&nbsp;Edson&nbsp;Filho.<\/p>\n","protected":false},"excerpt":{"rendered":"<p>Moda, tecnologia, sustentabilidade e estilo de vida s\u00e3o os pilares da marca, original de Maring\u00e1 (PR) A Alto Giro, refer\u00eancia no segmento de moda fitness premium, d\u00e1 in\u00edcio a um novo cap\u00edtulo em sua trajet\u00f3ria. Ap\u00f3s 42 anos de hist\u00f3ria e nove lojas pr\u00f3prias, a marca abriu sua primeira unidade franqueada no dia 23 de [&hellip;]<\/p>\n","protected":false},"author":1,"featured_media":4856,"comment_status":"open","ping_status":"open","sticky":false,"template":"","format":"standard","meta":{"footnotes":""},"categories":[324],"tags":[],"class_list":["post-4855","post","type-post","status-publish","format-standard","has-post-thumbnail","hentry","category-negocios"],"_links":{"self":[{"href":"https:\/\/diarioparanaense.com\/index.php?rest_route=\/wp\/v2\/posts\/4855","targetHints":{"allow":["GET"]}}],"collection":[{"href":"https:\/\/diarioparanaense.com\/index.php?rest_route=\/wp\/v2\/posts"}],"about":[{"href":"https:\/\/diarioparanaense.com\/index.php?rest_route=\/wp\/v2\/types\/post"}],"author":[{"embeddable":true,"href":"https:\/\/diarioparanaense.com\/index.php?rest_route=\/wp\/v2\/users\/1"}],"replies":[{"embeddable":true,"href":"https:\/\/diarioparanaense.com\/index.php?rest_route=%2Fwp%2Fv2%2Fcomments&post=4855"}],"version-history":[{"count":1,"href":"https:\/\/diarioparanaense.com\/index.php?rest_route=\/wp\/v2\/posts\/4855\/revisions"}],"predecessor-version":[{"id":4857,"href":"https:\/\/diarioparanaense.com\/index.php?rest_route=\/wp\/v2\/posts\/4855\/revisions\/4857"}],"wp:featuredmedia":[{"embeddable":true,"href":"https:\/\/diarioparanaense.com\/index.php?rest_route=\/wp\/v2\/media\/4856"}],"wp:attachment":[{"href":"https:\/\/diarioparanaense.com\/index.php?rest_route=%2Fwp%2Fv2%2Fmedia&parent=4855"}],"wp:term":[{"taxonomy":"category","embeddable":true,"href":"https:\/\/diarioparanaense.com\/index.php?rest_route=%2Fwp%2Fv2%2Fcategories&post=4855"},{"taxonomy":"post_tag","embeddable":true,"href":"https:\/\/diarioparanaense.com\/index.php?rest_route=%2Fwp%2Fv2%2Ftags&post=4855"}],"curies":[{"name":"wp","href":"https:\/\/api.w.org\/{rel}","templated":true}]}}