{"id":4837,"date":"2025-08-22T15:03:53","date_gmt":"2025-08-22T18:03:53","guid":{"rendered":"https:\/\/diarioparanaense.com\/?p=4837"},"modified":"2025-08-22T15:03:53","modified_gmt":"2025-08-22T18:03:53","slug":"core-pr-valoriza-reducao-do-ipva-no-parana-e-reforca-importancia-da-medida-para-profissionais-autonomos","status":"publish","type":"post","link":"https:\/\/diarioparanaense.com\/?p=4837","title":{"rendered":"CORE-PR valoriza redu\u00e7\u00e3o do IPVA no Paran\u00e1 e refor\u00e7a import\u00e2ncia da medida para profissionais aut\u00f4nomos"},"content":{"rendered":"\n<p class=\"has-medium-font-size\"><em>Presidente Paulo Nauiack destaca que nova al\u00edquota contribui para reduzir custos operacionais dos representantes comerciais e impulsionar a competitividade regional<\/em><\/p>\n\n\n\n<p>A partir de 2026, o Paran\u00e1 ter\u00e1 a menor al\u00edquota de IPVA do Brasil, com a redu\u00e7\u00e3o de 3,5% para 1,9%, conforme anunciado pelo Governo do Estado. Para o Conselho Regional dos Representantes Comerciais do Paran\u00e1 (CORE\u2011PR), a medida representa um avan\u00e7o importante na dire\u00e7\u00e3o de uma pol\u00edtica tribut\u00e1ria mais justa, com efeitos diretos sobre o or\u00e7amento dos profissionais aut\u00f4nomos que utilizam o ve\u00edculo como instrumento de trabalho.<\/p>\n\n\n\n<p>\u201cEssa redu\u00e7\u00e3o \u00e9 uma conquista importante. Representantes comerciais usam o ve\u00edculo como escrit\u00f3rio, como meio de prospec\u00e7\u00e3o e distribui\u00e7\u00e3o. Tributar com mais justi\u00e7a \u00e9 reconhecer a relev\u00e2ncia desses profissionais para a economia paranaense\u201d, avalia Paulo Nauiack, presidente do CORE\u2011PR.<\/p>\n\n\n\n<p>O presidente destaca que a diminui\u00e7\u00e3o da al\u00edquota ter\u00e1 impacto direto na sustentabilidade da atividade de representa\u00e7\u00e3o comercial: \u201cA medida contribui para reduzir os custos operacionais dos mais de 18 mil representantes comerciais ativos no estado, que atuam em diversos segmentos da ind\u00fastria e do com\u00e9rcio. \u00c9 um est\u00edmulo \u00e0 produtividade e \u00e0 mobilidade desses profissionais, que desempenham papel essencial no escoamento da produ\u00e7\u00e3o e na dinamiza\u00e7\u00e3o do varejo regional\u201d, complementa.<\/p>\n\n\n\n<p>Segundo o CORE\u2011PR, o estado conta atualmente com mais de 18 mil representantes comerciais registrados na Receita Federal, que movimentam cerca de R$\u202f106,4 bilh\u00f5es \u2014 equivalente a 16,45\u202f% do Produto Interno Bruto (PIB) do Paran\u00e1 (<a href=\"https:\/\/www.corepr.org.br\/core-pr-quer-incentivar-mais-mulheres-a-se-tornarem-representantes-comerciais\/?utm_source=chatgpt.com\">corepr.org.br<\/a>).<\/p>\n\n\n\n<p>Na avalia\u00e7\u00e3o do CORE\u2011PR, medidas que desoneram a atividade econ\u00f4mica contribuem para o fortalecimento de pequenos neg\u00f3cios, incentivam a formaliza\u00e7\u00e3o e promovem maior equil\u00edbrio na carga tribut\u00e1ria. A entidade refor\u00e7a que seguir\u00e1 acompanhando pol\u00edticas p\u00fablicas que impactem o setor, atuando junto ao poder p\u00fablico para garantir condi\u00e7\u00f5es favor\u00e1veis ao exerc\u00edcio da profiss\u00e3o e ao desenvolvimento econ\u00f4mico do estado.<\/p>\n","protected":false},"excerpt":{"rendered":"<p>Presidente Paulo Nauiack destaca que nova al\u00edquota contribui para reduzir custos operacionais dos representantes comerciais e impulsionar a competitividade regional A partir de 2026, o Paran\u00e1 ter\u00e1 a menor al\u00edquota de IPVA do Brasil, com a redu\u00e7\u00e3o de 3,5% para 1,9%, conforme anunciado pelo Governo do Estado. Para o Conselho Regional dos Representantes Comerciais do [&hellip;]<\/p>\n","protected":false},"author":1,"featured_media":4838,"comment_status":"open","ping_status":"open","sticky":false,"template":"","format":"standard","meta":{"footnotes":""},"categories":[29],"tags":[],"class_list":["post-4837","post","type-post","status-publish","format-standard","has-post-thumbnail","hentry","category-artigos"],"_links":{"self":[{"href":"https:\/\/diarioparanaense.com\/index.php?rest_route=\/wp\/v2\/posts\/4837","targetHints":{"allow":["GET"]}}],"collection":[{"href":"https:\/\/diarioparanaense.com\/index.php?rest_route=\/wp\/v2\/posts"}],"about":[{"href":"https:\/\/diarioparanaense.com\/index.php?rest_route=\/wp\/v2\/types\/post"}],"author":[{"embeddable":true,"href":"https:\/\/diarioparanaense.com\/index.php?rest_route=\/wp\/v2\/users\/1"}],"replies":[{"embeddable":true,"href":"https:\/\/diarioparanaense.com\/index.php?rest_route=%2Fwp%2Fv2%2Fcomments&post=4837"}],"version-history":[{"count":1,"href":"https:\/\/diarioparanaense.com\/index.php?rest_route=\/wp\/v2\/posts\/4837\/revisions"}],"predecessor-version":[{"id":4839,"href":"https:\/\/diarioparanaense.com\/index.php?rest_route=\/wp\/v2\/posts\/4837\/revisions\/4839"}],"wp:featuredmedia":[{"embeddable":true,"href":"https:\/\/diarioparanaense.com\/index.php?rest_route=\/wp\/v2\/media\/4838"}],"wp:attachment":[{"href":"https:\/\/diarioparanaense.com\/index.php?rest_route=%2Fwp%2Fv2%2Fmedia&parent=4837"}],"wp:term":[{"taxonomy":"category","embeddable":true,"href":"https:\/\/diarioparanaense.com\/index.php?rest_route=%2Fwp%2Fv2%2Fcategories&post=4837"},{"taxonomy":"post_tag","embeddable":true,"href":"https:\/\/diarioparanaense.com\/index.php?rest_route=%2Fwp%2Fv2%2Ftags&post=4837"}],"curies":[{"name":"wp","href":"https:\/\/api.w.org\/{rel}","templated":true}]}}