{"id":4834,"date":"2025-08-21T11:50:22","date_gmt":"2025-08-21T14:50:22","guid":{"rendered":"https:\/\/diarioparanaense.com\/?p=4834"},"modified":"2025-08-21T11:50:23","modified_gmt":"2025-08-21T14:50:23","slug":"festival-de-teatro-reune-300-criancas-em-curitiba-com-releitura-de-o-magico-de-oz","status":"publish","type":"post","link":"https:\/\/diarioparanaense.com\/?p=4834","title":{"rendered":"Festival de Teatro re\u00fane 300 crian\u00e7as em Curitiba com releitura de \u201cO M\u00e1gico de Oz\u201d"},"content":{"rendered":"\n<p class=\"has-medium-font-size\">Estudantes da Escola Atua\u00e7\u00e3o se apresentaram no Espa\u00e7o Torres em dois dias de espet\u00e1culo<\/p>\n\n\n\n<p>O cl\u00e1ssico \u201cO M\u00e1gico de Oz\u201d serviu de inspira\u00e7\u00e3o para o Festival de Teatro da Escola Atua\u00e7\u00e3o, realizado nesta semana em Curitiba. O evento aconteceu no Espa\u00e7o Torres, reunindo cerca de 300 estudantes, de 4 a 14 anos, em dois dias de apresenta\u00e7\u00f5es: na ter\u00e7a-feira (19) com a unidade Boqueir\u00e3o e, na quarta-feira (20), com a unidade Santa Quit\u00e9ria.<\/p>\n\n\n\n<p>Cada turma assumiu um papel na jornada de Dorothy pela estrada de tijolos amarelos, incluindo personagens como o Espantalho, o Homem de Lata e o Le\u00e3o. A proposta garantiu que todos os estudantes tivessem momentos de destaque no palco, em um espet\u00e1culo coletivo marcado por m\u00fasica, interpreta\u00e7\u00e3o e criatividade.<\/p>\n\n\n\n<p>De acordo com o professor de teatro, Matheus Rodrigo, a prepara\u00e7\u00e3o envolveu diferentes n\u00edveis de desafio conforme a faixa et\u00e1ria. \u201cConforme a idade aumenta, tamb\u00e9m cresce a complexidade das marca\u00e7\u00f5es, coreografias e interpreta\u00e7\u00f5es, garantindo um desafio estimulante para cada grupo\u201d, disse. Ele destacou ainda o aprendizado por tr\u00e1s da montagem: \u201cNos ensaios, trabalhamos express\u00e3o corporal e vocal, memoriza\u00e7\u00e3o, interpreta\u00e7\u00e3o, trabalho em equipe, criatividade, comunica\u00e7\u00e3o e autoconfian\u00e7a. Foi um processo encantador, e o resultado emocionou as fam\u00edlias\u201d.<\/p>\n\n\n\n<p>Para a diretora da Escola Atua\u00e7\u00e3o, Carolina Pereira Frizon, festivais como esse t\u00eam papel importante na forma\u00e7\u00e3o das crian\u00e7as. \u201cO teatro amplia a capacidade de express\u00e3o, valoriza o coletivo e fortalece a confian\u00e7a individual. \u00c9 uma experi\u00eancia que ultrapassa os palcos e acompanha cada estudante em sua vida escolar e pessoal\u201d,&nbsp;afirmou.<\/p>\n","protected":false},"excerpt":{"rendered":"<p>Estudantes da Escola Atua\u00e7\u00e3o se apresentaram no Espa\u00e7o Torres em dois dias de espet\u00e1culo O cl\u00e1ssico \u201cO M\u00e1gico de Oz\u201d serviu de inspira\u00e7\u00e3o para o Festival de Teatro da Escola Atua\u00e7\u00e3o, realizado nesta semana em Curitiba. O evento aconteceu no Espa\u00e7o Torres, reunindo cerca de 300 estudantes, de 4 a 14 anos, em dois dias [&hellip;]<\/p>\n","protected":false},"author":1,"featured_media":4835,"comment_status":"open","ping_status":"open","sticky":false,"template":"","format":"standard","meta":{"footnotes":""},"categories":[431,424],"tags":[],"class_list":["post-4834","post","type-post","status-publish","format-standard","has-post-thumbnail","hentry","category-cultura","category-curitiba"],"_links":{"self":[{"href":"https:\/\/diarioparanaense.com\/index.php?rest_route=\/wp\/v2\/posts\/4834","targetHints":{"allow":["GET"]}}],"collection":[{"href":"https:\/\/diarioparanaense.com\/index.php?rest_route=\/wp\/v2\/posts"}],"about":[{"href":"https:\/\/diarioparanaense.com\/index.php?rest_route=\/wp\/v2\/types\/post"}],"author":[{"embeddable":true,"href":"https:\/\/diarioparanaense.com\/index.php?rest_route=\/wp\/v2\/users\/1"}],"replies":[{"embeddable":true,"href":"https:\/\/diarioparanaense.com\/index.php?rest_route=%2Fwp%2Fv2%2Fcomments&post=4834"}],"version-history":[{"count":1,"href":"https:\/\/diarioparanaense.com\/index.php?rest_route=\/wp\/v2\/posts\/4834\/revisions"}],"predecessor-version":[{"id":4836,"href":"https:\/\/diarioparanaense.com\/index.php?rest_route=\/wp\/v2\/posts\/4834\/revisions\/4836"}],"wp:featuredmedia":[{"embeddable":true,"href":"https:\/\/diarioparanaense.com\/index.php?rest_route=\/wp\/v2\/media\/4835"}],"wp:attachment":[{"href":"https:\/\/diarioparanaense.com\/index.php?rest_route=%2Fwp%2Fv2%2Fmedia&parent=4834"}],"wp:term":[{"taxonomy":"category","embeddable":true,"href":"https:\/\/diarioparanaense.com\/index.php?rest_route=%2Fwp%2Fv2%2Fcategories&post=4834"},{"taxonomy":"post_tag","embeddable":true,"href":"https:\/\/diarioparanaense.com\/index.php?rest_route=%2Fwp%2Fv2%2Ftags&post=4834"}],"curies":[{"name":"wp","href":"https:\/\/api.w.org\/{rel}","templated":true}]}}