{"id":4824,"date":"2025-08-19T13:36:37","date_gmt":"2025-08-19T16:36:37","guid":{"rendered":"https:\/\/diarioparanaense.com\/?p=4824"},"modified":"2025-08-19T13:36:38","modified_gmt":"2025-08-19T16:36:38","slug":"empresaria-curitibana-e-finalista-do-premio-sebrae-mulher-de-negocios","status":"publish","type":"post","link":"https:\/\/diarioparanaense.com\/?p=4824","title":{"rendered":"Empres\u00e1ria curitibana \u00e9 finalista do Pr\u00eamio Sebrae Mulher de Neg\u00f3cios"},"content":{"rendered":"\n<p class=\"has-medium-font-size\">Birgit Marsili, da Lavoutique Lavanderia &amp; Costura, concorre na categoria \u201dPequenos Neg\u00f3cios\u201d. Vencedoras ser\u00e3o conhecidas no dia 20 de agosto<\/p>\n\n\n\n<p>Nesta quarta-feira (20), a final do Pr\u00eamio Sebrae Mulher de Neg\u00f3cios (PSMN) ser\u00e1 realizada na Sede do Sebrae\/PR, em Curitiba. A premia\u00e7\u00e3o re\u00fane 23 empreendedoras de destaque de todo Paran\u00e1. Com 430 inscri\u00e7\u00f5es, o Paran\u00e1 ficou em segundo lugar em n\u00famero de candidatas, atr\u00e1s apenas de S\u00e3o Paulo, mostrando a for\u00e7a do empreendedorismo feminino em cinco categorias: \u201cNeg\u00f3cios Internacionais\u201d, \u201cProdutora Rural\u201d, \u201cCi\u00eancia e Tecnologia\u201d, \u201cMicroempreendedora individual (MEI)\u201d e \u201cPequenos Neg\u00f3cios\u201d.<\/p>\n\n\n\n<p>Dentre as finalistas da categoria \u201cPequenos Neg\u00f3cios\u201d est\u00e1 Birgit Marsili, propriet\u00e1ria da Lavoutique Lavanderia &amp; Costura. \u201cEstar entre as cinco indicadas da categoria j\u00e1 nos deixa muito felizes. Para mim e para a minha empresa \u00e9 um fator de emo\u00e7\u00e3o, pois mostra que estamos no caminho certo. \u00c9 um reconhecimento p\u00fablico daquilo que a gente preza e do que a gente faz dentro da empresa\u201d, afirma Birgit, destacando o valor do reconhecimento.<\/p>\n\n\n\n<p>Ao todo, 5 empreendedoras ser\u00e3o premiadas durante o evento, uma de cada categoria. As vencedoras de cada categoria se classificam para a etapa regional e, em seguida, para a etapa nacional do PSMN. O pr\u00eamio, criado em 2004, celebra o protagonismo das mulheres nos neg\u00f3cios, fortalecendo a equidade de g\u00eanero e impulsionando a economia local.<\/p>\n\n\n\n<p>Em 2024, doze empreendedoras do Paran\u00e1 foram reconhecidas pelo pr\u00eamio. Neste ano, o PSMN teve um crescimento expressivo no Brasil, com 5.308 inscri\u00e7\u00f5es, mais que o dobro do ano anterior, quando 2.634 mulheres participaram.<\/p>\n\n\n\n<p class=\"has-medium-font-size\">Servi\u00e7o:<\/p>\n\n\n\n<p><strong>Pr\u00eamio Sebrae Mulher de Neg\u00f3cios \u2013 Etapa Paran\u00e1<br>Data<\/strong>: 20\/08\/2025 (Quarta-feira)<br><strong>Hor\u00e1rio<\/strong>: 18h40<br><strong>Local<\/strong>: Sede do Sebrae\/PR em Curitiba (Rua Caet\u00e9, n\u00ba 150\u00a0Prado\u00a0Velho)<\/p>\n","protected":false},"excerpt":{"rendered":"<p>Birgit Marsili, da Lavoutique Lavanderia &amp; Costura, concorre na categoria \u201dPequenos Neg\u00f3cios\u201d. Vencedoras ser\u00e3o conhecidas no dia 20 de agosto Nesta quarta-feira (20), a final do Pr\u00eamio Sebrae Mulher de Neg\u00f3cios (PSMN) ser\u00e1 realizada na Sede do Sebrae\/PR, em Curitiba. A premia\u00e7\u00e3o re\u00fane 23 empreendedoras de destaque de todo Paran\u00e1. Com 430 inscri\u00e7\u00f5es, o Paran\u00e1 [&hellip;]<\/p>\n","protected":false},"author":1,"featured_media":4825,"comment_status":"open","ping_status":"open","sticky":false,"template":"","format":"standard","meta":{"footnotes":""},"categories":[29,324],"tags":[],"class_list":["post-4824","post","type-post","status-publish","format-standard","has-post-thumbnail","hentry","category-artigos","category-negocios"],"_links":{"self":[{"href":"https:\/\/diarioparanaense.com\/index.php?rest_route=\/wp\/v2\/posts\/4824","targetHints":{"allow":["GET"]}}],"collection":[{"href":"https:\/\/diarioparanaense.com\/index.php?rest_route=\/wp\/v2\/posts"}],"about":[{"href":"https:\/\/diarioparanaense.com\/index.php?rest_route=\/wp\/v2\/types\/post"}],"author":[{"embeddable":true,"href":"https:\/\/diarioparanaense.com\/index.php?rest_route=\/wp\/v2\/users\/1"}],"replies":[{"embeddable":true,"href":"https:\/\/diarioparanaense.com\/index.php?rest_route=%2Fwp%2Fv2%2Fcomments&post=4824"}],"version-history":[{"count":1,"href":"https:\/\/diarioparanaense.com\/index.php?rest_route=\/wp\/v2\/posts\/4824\/revisions"}],"predecessor-version":[{"id":4826,"href":"https:\/\/diarioparanaense.com\/index.php?rest_route=\/wp\/v2\/posts\/4824\/revisions\/4826"}],"wp:featuredmedia":[{"embeddable":true,"href":"https:\/\/diarioparanaense.com\/index.php?rest_route=\/wp\/v2\/media\/4825"}],"wp:attachment":[{"href":"https:\/\/diarioparanaense.com\/index.php?rest_route=%2Fwp%2Fv2%2Fmedia&parent=4824"}],"wp:term":[{"taxonomy":"category","embeddable":true,"href":"https:\/\/diarioparanaense.com\/index.php?rest_route=%2Fwp%2Fv2%2Fcategories&post=4824"},{"taxonomy":"post_tag","embeddable":true,"href":"https:\/\/diarioparanaense.com\/index.php?rest_route=%2Fwp%2Fv2%2Ftags&post=4824"}],"curies":[{"name":"wp","href":"https:\/\/api.w.org\/{rel}","templated":true}]}}