{"id":4815,"date":"2025-08-13T16:01:25","date_gmt":"2025-08-13T19:01:25","guid":{"rendered":"https:\/\/diarioparanaense.com\/?p=4815"},"modified":"2025-08-13T16:01:26","modified_gmt":"2025-08-13T19:01:26","slug":"campo-das-artes-criado-pelo-ator-paranaense-luis-melo-recebe-o-mata-atlantica-ecofestival-e-fomenta-a-economia-regional","status":"publish","type":"post","link":"https:\/\/diarioparanaense.com\/?p=4815","title":{"rendered":"Campo das Artes, criado pelo ator paranaense Luis Melo, recebe o Mata Atl\u00e2ntica Ecofestival e fomenta a economia regional"},"content":{"rendered":"\n<p class=\"has-medium-font-size\">Realizado em S\u00e3o Luiz do Purun\u00e3, o evento acontece nos dias 16 e 17 de agosto e traz combo de atividades culturais, musicais e gastron\u00f4micas<\/p>\n\n\n\n<p>O Campo das Artes, em S\u00e3o Luiz do Purun\u00e3 (Balsa Nova), recebe a 4\u00aa edi\u00e7\u00e3o do Mata Atl\u00e2ntica Ecofestival nos dias 16 e 17 de agosto (10h \u00e0s 18h). Conhecido por ficar em meio \u00e0 natureza e na maior unidade de conserva\u00e7\u00e3o ambiental do Estado do Paran\u00e1 \u2013 a APA da Escarpa Devoniana \u2013, o lugar foi cuidadosamente planejado pelo ator paranaense Luis Melo, que atualmente est\u00e1 no remake de Vale Tudo, no papel do jornalista Bartolomeu.<\/p>\n\n\n\n<p>Para Melo, \u201co fazer manual \u00e9 o grande rem\u00e9dio para todos os problemas que a gente tem enfrentado ultimamente\u201d e, por isso, um dos principais objetivos em ser parceiro deste evento \u00e9 promover o turismo local e reduzir a dist\u00e2ncia entre artistas, produtores, artes\u00e3os e o p\u00fablico. \u201cEu acredito que \u00e9 necess\u00e1rio sempre conhecer o que vamos consumir, e esta \u00e9 uma oportunidade de unir toda essa gente em um espa\u00e7o democr\u00e1tico\u201d, afirma. Melo destaca que o encontro promove arte, design, moda, fotografia, literatura, m\u00fasica, gastronomia e feira de produtores locais. O circuito das atividades gera circula\u00e7\u00e3o econ\u00f4mica na cadeia produtiva que envolve pousadas, restaurantes e passeios, uma forma de valorizar a regi\u00e3o de S\u00e3o Luiz do Purun\u00e3 e apoiar o fomento da economia regional.<\/p>\n\n\n\n<p>Isso acontece porque s\u00e3o mais de 40 artistas, empreendedores e empres\u00e1rios envolvidos para oferecer ao p\u00fablico cultura, produtos, experi\u00eancias e troca de conhecimento. A grande novidade desta edi\u00e7\u00e3o \u00e9 a Mostra Cultural com exposi\u00e7\u00e3o fotogr\u00e1fica e um festival de bandas instrumentais autorais. A Mostra Cultura \u00e9 uma realiza\u00e7\u00e3o do Minist\u00e9rio da Cultura, via Lei Rouanet. Boa parte dos expositores que far\u00e3o parte da feira, optaram por aproveitar o evento para lan\u00e7ar novos produtos. Al\u00e9m disso, o ambiente ser\u00e1 petfriendly, com direito a brindes para os pets que ser\u00e3o ofertados por um dos expositores. Tamb\u00e9m haver\u00e1 almofad\u00f5es e poste com saquinho cata caca e pote de \u00e1gua.<\/p>\n\n\n\n<p class=\"has-medium-font-size\">Principais atra\u00e7\u00f5es<\/p>\n\n\n\n<p>A Casa Portfolio, do fot\u00f3grafo Nilo Biazzetto Neto, est\u00e1 confirmada como expositora e levar\u00e1 uma ideia elaborada especialmente para o Ecofestival no Campo das Artes: deixar\u00e1 \u00e0 disposi\u00e7\u00e3o dos participantes 200 exemplares de livros do fot\u00f3grafo curitibano Carlos Alberto Xavier de Miranda, conhecido como Nego Miranda, para doa\u00e7\u00e3o. Em troca, basta que os interessados levem um quilo de alimento n\u00e3o perec\u00edvel que ser\u00e1 destinado \u00e0 comunidades carentes da regi\u00e3o. Ainda na programa\u00e7\u00e3o da Casa Portfolio est\u00e1 previsto o lan\u00e7amento do livro Pantanal, do fotojornalista Jos\u00e9 Medeiros, que ainda far\u00e1 um bate-papo sobre como a fotografia pode documentar e salvaguardar biomas e comunidades que vivem em regi\u00f5es ambientais.<\/p>\n\n\n\n<p>Outra atra\u00e7\u00e3o \u00e9 uma das maiores refer\u00eancias do esporte brasileiro, o alpinista Waldemar Niclevicz, que foi protagonista da primeira ascens\u00e3o brasileira ao Everest. Niclevicz \u00e9 um dos fundadores da Funda\u00e7\u00e3o SOS Mata Atl\u00e2ntica e far\u00e1 uma palestra no espa\u00e7o da Casa Portfolio dentro do Campo das Artes. \u201cVou discorrer sobre a minha trajet\u00f3ria de alpinista que come\u00e7ou no Marumbi e se desenvolveu at\u00e9 o alto das maiores montanhas do mundo, culminando com a cria\u00e7\u00e3o da Reserva Natural do Alpinista na Escarpa Devoniana\u201d, conta Niclevicz. A Reserva Natural do Alpinista Waldemar Niclevicz (RNAWN) \u00e9 um modelo inovador de uso racional da terra e est\u00e1 localizada em um remanescente da amea\u00e7ada floresta com arauc\u00e1ria, no bioma Mata Atl\u00e2ntica.<\/p>\n\n\n\n<p>Destaque tamb\u00e9m \u00e9 a presen\u00e7a da artista visual e jornalista Bruna Alcantara, que j\u00e1 participou de exposi\u00e7\u00f5es individuais e coletivas em Curitiba, S\u00e3o Paulo, Rio de Janeiro, Belo Horizonte, al\u00e9m de Portugal, Alemanha, It\u00e1lia e L\u00edbano. Bruna explora diferentes campos da cultura e dos canais de informa\u00e7\u00f5es para trabalhar temas como as viol\u00eancias do espa\u00e7o p\u00fablico e pol\u00edtico e as rela\u00e7\u00f5es do corpo feminino no contexto social e hist\u00f3rico.<\/p>\n\n\n\n<p>Para o Campo das Artes, a artista optou por uma instala\u00e7\u00e3o in\u00e9dita, como desdobramento da s\u00e9rie Reflita-se. Ser\u00e1 uma exposi\u00e7\u00e3o guiada em um lugar aberto e em meio \u00e0 natureza. \u201cEm 2022, realizei uma resid\u00eancia art\u00edstica no Campo das Artes onde pesquisei a dire\u00e7\u00e3o dos ventos, principalmente guiada pela for\u00e7a que a natureza exerce naquele lugar. N\u00e3o diferente da for\u00e7a que a natureza exerce em corpos femininos\u201d, afirma a artista. \u201cO p\u00fablico vai poder estar em lugares onde estive e eu gostaria que experienciassem viv\u00eancias parecidas com as minhas enquanto estava por l\u00e1, como a for\u00e7a do c\u00e9u, o vento, as imagens enquadradas nos reflexos dos espelhos\u201d, complementa.<\/p>\n\n\n\n<p class=\"has-medium-font-size\">Servi\u00e7o:<\/p>\n\n\n\n<p>Mata Atl\u00e2ntica Ecofestival no Campo das Artes<\/p>\n\n\n\n<p>Data: dias 16 e 17 de agosto, das 10h \u00e0s 18h<\/p>\n\n\n\n<p>Local: Campo das Artes &#8211; Estrada da Lage, 370, S\u00e3o Luiz do Purun\u00e3 (Balsa Nova\/PR).<\/p>\n\n\n\n<p>Ingressos: R$ 20,00 (inteira) e R$ 10,00 (meia)<\/p>\n\n\n\n<p>Palestras alpinista Waldemar Niclevicz: S\u00e1bado (16) e domingo(17), \u00e0s 15h<\/p>\n\n\n\n<p>Lan\u00e7amento livro Pantanal, de Jos\u00e9 Medeiros : S\u00e1bado (16), \u00e0s 16h<\/p>\n\n\n\n<p class=\"has-medium-font-size\">Op\u00e7\u00f5es gastron\u00f4micas:<\/p>\n\n\n\n<p>Le Gado Restaurante: p\u00e3o de alho artesanal, steak tartare, canudinho de maionese, caponata de legumes, costela fogo de ch\u00e3o, beef ancho angus, mandioca nordestina, farofa de ovos, maionese de batata, vinagrete de feij\u00e3o, salada de escarola com bacon, hamburger Le Gado defumado.<\/p>\n\n\n\n<p>Casa Portfolio: sandubas, risotos, chope, vinho, drinks, doces, picol\u00e9s e muito mais.<\/p>\n\n\n\n<p>Caf\u00e9&amp;P\u00e3o (Origem Comida Honesta): p\u00e3es de fermenta\u00e7\u00e3o natural, cookies, croissants, danish, empanadas, caf\u00e9s especiais, pizzas.<\/p>\n\n\n\n<p>Oak Farm Gelato &#8211; Da Fazendo ao Pote: gelatos artesanais fabricados na Col\u00f4nia Witmarsum, unindo o leite fresco, for\u00e7a e tradi\u00e7\u00e3o (sabores: fior di Latte\/leite puro; kaffee; doce de leite; kakao; pistache; iogurte com blueberry; sorbet de morango).<\/p>\n\n\n\n<p>Usina Malte: primeira cervejaria da Col\u00f4nia Witmarsum.<\/p>\n\n\n\n<p>Bandas:<br>S\u00e1bado (16) &#8211; Pedro Afara Trio e Conect Mother Ship<br>Domingo (17) &#8211; Trio da Madrugada e Curitiba SkaJazz<\/p>\n\n\n\n<p><strong>Link para a compra de ingressos:*<\/strong><\/p>\n\n\n\n<p>Dia 16: <a href=\"https:\/\/www.sympla.com.br\/evento\/campo-das-artes-no-mata-atlantica-ecofestival-2025-16-08-2025\/3054790\">https:\/\/www.sympla.com.br\/evento\/campo-das-artes-no-mata-atlantica-ecofestival-2025-16-08-2025\/3054790<\/a><br>Dia 17: <a href=\"https:\/\/www.sympla.com.br\/evento\/campo-das-artes-no-mata-atlantica-ecofestival-2025-17-08-2025\/3054799\">https:\/\/www.sympla.com.br\/evento\/campo-das-artes-no-mata-atlantica-ecofestival-2025-17-08-2025\/3054799<\/a><br>*Moradores(as) de Balsa Nova pagam meia-entrada<\/p>\n\n\n\n<p>Saiba mais sobre o Campo das Artes: https:\/\/www.campodasartes.com.br\/<br>Saiba mais sobre a programa\u00e7\u00e3o do Ecofestival: https:\/\/mataatlanticaecofestival.com.br\/programacao\/<\/p>\n\n\n\n<p>Mata Atl\u00e2ntica EcoFestival: A 4\u00aa edi\u00e7\u00e3o do Mata Atl\u00e2ntica EcoFestival, o maior festival de esportes de Aventura, Cinema e Arte do sul do Brasil &#8211; acontece de 14 a 28 de agosto em cidades da regi\u00e3o do Bioma da Mata Atl\u00e2ntica no Paran\u00e1, incluindo Litoral, Serra do Mar, Grande Curitiba e tamb\u00e9m em S\u00e3o Luiz do Purun\u00e3, representante dos nossos Campos Gerais. Durante 15 dias, as cidades de Antonina, Arauc\u00e1ria, Campo Largo, Curitiba, Pinhais, Piraquara, Quatro Barras, S\u00e3o Jos\u00e9 dos Pinhais, e S\u00e3o Luiz do Purun\u00e3, distrito de Balsa Nova, ser\u00e3o o cen\u00e1rio de uma programa\u00e7\u00e3o que privilegia a vida ao ar livre e a natureza. Cerca de 5 mil pessoas devem participar do evento. O Mata Atl\u00e2ntica EcoFestival 2025 \u00e9 apresentado este ano pela Rumo Log\u00edstica. Os patrocinadores s\u00e3o Brose, Copel e Grupo Ambiensys. Como apoiadores est\u00e3o a GT Building, o Campo das Artes e o Instituto Rumo. A promo\u00e7\u00e3o oficial \u00e9 da Mundo Livre e da RPC. A Mostra Cultural do festival tem a realiza\u00e7\u00e3o do Minist\u00e9rio da Cultura atrav\u00e9s da Lei Rouanet.<\/p>\n\n\n\n<p class=\"has-medium-font-size\">ARTISTAS E EXPOSITORES<\/p>\n\n\n\n<p>4\u00aa edi\u00e7\u00e3o do Mata Atl\u00e2ntica Ecofestival no Campo das Artes<br>PRODUTORES LOCAIS<br>\u2022 Universo Verde: produtor e revendedor de plantas suculentas e cactos.<br>\u2022 RA Dioramas e Mini Mundos: dioramas, miniaturas de constru\u00e7\u00f5es realistas e composi\u00e7\u00f5es de miniaturas e plantas suculentas.<br>\u2022 Panipano: aventais, toalhas de piquenique, utilit\u00e1rios para cozinha em tecido e madeira, bandeirinhas de tecido, rolos de massa.<br>\u2022 Kakaowit Chocolates: sele\u00e7\u00e3o especial de chocolates bean to bar produzidos artesanalmente com cacau de origem sustent\u00e1vel da Mata Atl\u00e2ntica.<br>\u2022 Menno Farm e S\u00edtio da Oma: geleias artesanais org\u00e2nicas.<br>\u2022 Abelha Brasil: por meio da conserva\u00e7\u00e3o das abelhas nativas sem ferr\u00e3o, produz mel e derivados de forma sustent\u00e1vel.<br>\u2022 Kaffeewit: caf\u00e9 especial (bebida), caf\u00e9 especial mo\u00eddo e em gr\u00e3os, drip coffee, produtos artesanais com caf\u00e9 (doce de leite com caf\u00e9, velas artesanais de caf\u00e9, entre outros), utens\u00edlios para caf\u00e9. Lan\u00e7ar\u00e1 uma nova variedade de caf\u00e9, regi\u00e3o vulc\u00e2nica sul de minas &#8211; safra 2025.<br>\u2022 Cooperativa Witmarsum: os queijos finos da cooperativa celebram as fam\u00edlias que se mant\u00eam na atividade leiteira, a tradi\u00e7\u00e3o queijeira europeia e o terroir da Col\u00f4nia Witmarsum.<br>\u2022 CasaNita: p\u00e3es e cucas, fermenta\u00e7\u00e3o natural, doce leite, geleias, velas artesanais, cer\u00e2micas artesanais.<br>\u2022 Jurema Natural: biocosm\u00e9ticos da Mata Atl\u00e2ntica (sabonetes, shampoos, pomadas, desodorantes, maquiagem).<br>\u2022 Loja Instituto Purun\u00e3: curadoria especial de produtos que valorizam a identidade e a produ\u00e7\u00e3o local de S\u00e3o Luiz do Purun\u00e3: artigos em madeira, vinhos artesanais, pe\u00e7as de cutelaria local, bolsas e acess\u00f3rios produzidos pelas artes\u00e3s do distrito, al\u00e9m de produtos ecologicamente corretos.<br>ARTE IMPRESSA<br>\u2022 Casa Portfolio: livros, sebo, fotografias, postais, camisetas e bate-papo com o autor e fot\u00f3grafo Jos\u00e9 Medeiros (lan\u00e7amento do livro \u201cPantanal\u201d, seguido de roda de conversa sobre como a fotografia pode documentar e salvaguardar biomas e comunidades que vivem e resistem em regi\u00f5es de import\u00e2ncia ambiental como o Pantanal (s\u00e1bado, \u00e0s 16h, no Barrac\u00e3o Amarelo).<br>DESIGN DE OBJETOS<br>\u2022 DS Wood (Didus SantoS): produtos autorais em madeira, com foco em sustentabilidade. Pe\u00e7as \u00fanicas e exclusivas, como lumin\u00e1rias e centros de mesa, feitas com madeiras nobres e reaproveitadas e que fogem do modismo.<br>\u2022 Comum: canecas, cadernos, panos de prato, ecobags, placas decorativas e fl\u00e2mulas bordadas \u00e0 m\u00e3o com frases e imagens que abordam temas como direitos humanos, direitos da natureza, em defesa dos povos origin\u00e1rios. Os produtos tamb\u00e9m abordam a literatura, a m\u00fasica e a cultura brasileira e universal.<br>\u2022 Oficina de Fine Arts: m\u00f3veis e objetos com madeira antiga. No evento, ainda ter\u00e1 uma colab com pintura de caminh\u00e3o cl\u00e1ssico.<br>\u2022 Alavanderia Atelie: velas com base em concreto, pe\u00e7as em acr\u00edlica (vasos, porta guardanapos); com massa artesanal &#8211; blend de cargas minerais com aditivo acelerador \u00e0 base de \u00e1gua (lumin\u00e1rias, porta copos, pratos, bandejas e bolws).<br>\u2022 Trapilho Design: puffs, cachep\u00f4s de plantas e cestos organizadores feitos \u00e0 m\u00e3o em croch\u00ea com fio de malha.<br>\u2022 Lena Muniz Objetos Po\u00e9ticos: objetos em porcelana, como cora\u00e7\u00f5es anat\u00f4micos de parede, pingentes, colares, pratos, murais, vasos e esculturas, al\u00e9m de pain\u00e9is bordados, joias de parede em porcelana e pain\u00e9is em tecido brocado bordados.<br>\u2022 Fernanda Alves Atelier: mais do que cer\u00e2micas feitas \u00e0 m\u00e3o, s\u00e3o cria\u00e7\u00f5es que contam hist\u00f3rias. Cada pe\u00e7a carrega beleza, afeto e o poder de transformar mesas, lares e vidas.<br>\u2022 Sceliphron: pe\u00e7as autorais, utilit\u00e1rias e decorativas, confeccionadas em cer\u00e2micas. Pe\u00e7as exclusivas que foram inspiradas na natureza e produzidas em alta temperatura (1.220 graus).<br>MODA AUTORAL<br>\u2022 Ateli\u00ea V\u00e2nia Toledo Martins: joias esculpidas \u00e0 m\u00e3o, com tra\u00e7os de eleg\u00e2ncia, personalidade e exclusividade. Brincos, colares e pulseiras cheios de hist\u00f3ria \u2013 alguns colares bem vers\u00e1teis, podem ser usados dos dois lados e ainda regular o comprimento. Novidade: cole\u00e7\u00e3o do artista Arthur Bispo do Ros\u00e1rio.<br>\u2022 PIN: pe\u00e7as em tric\u00f4, malharia retil\u00ednea.<br>\u2022 Rejane Mota Arte Textil: pe\u00e7as de vestu\u00e1rio e encaderna\u00e7\u00e3o artesanal produzidas com a t\u00e9cnica de ecoprint (impress\u00e3o bot\u00e2nica).<br>\u2022 Silvana Dilfetre: len\u00e7os e roupas em seda e toque de seda, pintados \u00e0 m\u00e3o.<br>\u2022 H-AL | Alexandre Linhares &amp; Thifany F.: pe\u00e7as de Arte T\u00eaxtil autoral, criadas a partir de retalhos e res\u00edduos da ind\u00fastria sob princ\u00edpios de ecodesign e sustentabilidade. Os trabalhos transitam entre moda, artes pl\u00e1sticas, poesia visual e audiovisual, utilizando a vestimenta como suporte narrativo.<br>\u2022 Ateli\u00ea Divina Estrela: artigos feitos no croch\u00ea, como mantas, colchas, vestimenta (casacos, meias, golas, toucas, balaclava), acess\u00f3rios (bolsas de v\u00e1rios tamanhos, carteira e el\u00e1stico para cabelo).<br>\u2022 Ybyr\u00e1 Madeira: marca brasileira, criada em Curitiba com foco na produ\u00e7\u00e3o de pe\u00e7as exclusivas e autorais em madeira.<br>\u2022 Mnovak: bolsas autorais executadas \u00e0 m\u00e3o com a utiliza\u00e7\u00e3o de mat\u00e9ria-prima alternativa dentro do aproveitamento m\u00e1ximo. Modelos atualizados espec\u00edficos para a feira utilizando res\u00edduos t\u00eaxteis.<br>\u2022 VU Vestimenta Urbana: marca de roupas confy, de design autoral. A inten\u00e7\u00e3o \u00e9 produzir uma moda atemporal, confort\u00e1vel com identidade e estilo! Roupas amplas, fluidas com um toque de modernidade.<br>GASTRONOMIA<br>\u2022 LeGado Restaurante: p\u00e3o de alho artesanal, steak tartare, canudinho de maionese, caponata de legumes, costela fogo de ch\u00e3o, beef ancho angus, mandioca nordestina, farofa de ovos, maionese de batata, vinagrete de feij\u00e3o, salada de escarola com bacon, hamburger LeGado defumado.<br>\u2022 Casa Portfolio: sandubas, risotos, chope, vinho, drinks, doces, picol\u00e9s e muito mais.<br>\u2022 Caf\u00e9&amp;P\u00e3o (Origem Comida Honesta): p\u00e3es de fermenta\u00e7\u00e3o natural, cookies, croissants, danish, empanadas, caf\u00e9s especiais, pizzas.<br>\u2022 Oak Farm Gelato &#8211; Da Fazendo ao Pote: gelatos artesanais fabricados na Col\u00f4nia Witmarsum, unindo o leite fresco, for\u00e7a e tradi\u00e7\u00e3o (sabores: fior di Latte\/leite puro; kaffee; doce de leite; kakao; pistache; iogurte com blueberry; sorbet de morango).<br>\u2022 Usina Malte: primeira cervejaria da Col\u00f4nia Witmarsum.<br>M\u00daSICA<br>\u2022 Dj Barbosa: estilo musical variado resultado de uma vasta pesquisa musical, passando pela MPB, rock, instrumental, word music, pop rock, afro beat, alternativo, folk e raggae.<br>\u2022 Festival de Bandas: Pedro Afara Trio, Conect Mother Ship, Trio da Madrugada e Curitiba SkaJazz<br>INTERVEN\u00c7\u00d5ES ART\u00cdSTICAS<br>\u2022 Bruna Alcantara: instala\u00e7\u00e3o art\u00edstica in\u00e9dita no Campo das Artes, a s\u00e9rie Reflita-se. Exposi\u00e7\u00e3o guiada em um lugar aberto e em meio \u00e0 natureza.<br>\u2022 Do fim ao recome\u00e7o (oficina de ressignifica\u00e7\u00e3o de materiais naturais, com Manu Daher): a artista ir\u00e1 falar sobre seu processo criativo, expandindo os olhares para a interpreta\u00e7\u00e3o das possibilidades ao usar materiais naturais da regi\u00e3o. Depois, explicar\u00e1 a inten\u00e7\u00e3o da composi\u00e7\u00e3o a ser criada coletivamente e sair\u00e1 com os participantes para uma pequena colheita e sele\u00e7\u00e3o dos elementos naturais j\u00e1 colhidos pelo Campo das Artes. Ser\u00e3o produzidos individualmente pequenos bouquets e, logo que todos terminarem, a artista reunir\u00e1 todos os trabalhos para construir uma forma s\u00f3, a de um p\u00e1ssaro. A oficina ser\u00e1 no s\u00e1bado, das 16h \u00e0s 18h.<br>\u2022 O tempo, o vento e as m\u00e3os (Coletivo Trama): composto pela artista visual, Rute Yumi, pela estilista Edalina de Paula, a arte educadora Ellen Biora e a produtora cultural Rafaela Prestes, o coletivo prop\u00f5e uma experi\u00eancia de partilha em um espa\u00e7o-tempo, do compartilhamento entre as pessoas em meio a fios, linhas, agulhas, ideias, projetos, vontade de aprender ou ensinar, conversas ou sil\u00eancios.<br>\u2022 Mamangava | Artista Cris Beleski: oficina para crian\u00e7as e adultos, com a cria\u00e7\u00e3o de arte em seu mini guarda-chuvinha decorativo. A artista tamb\u00e9m estar\u00e1 como expositora com guarda-chuvas art\u00edsticos, produtos em Neoprene (lixeira para carro e case para Ipad), adesivos exclusivos da marca, quadros. O valor da oficina ser\u00e1 R$60 por pessoa, incluindo uma mini guarda-chuvinha (materiais de uso durante a oficina j\u00e1 est\u00e3o inclusos no valor. Capacidade para 10 pessoas, por oficina.<br>\u2022 Bubble Drum: envolve a brincadeira de bolhas de sab\u00e3o com m\u00fasica instrumental do HandPan. Arte sutil, m\u00fasica et\u00e9rea, hipnotizante. Brincadeira leve e livre para crian\u00e7as de todas as idades.<br>PET<\/p>\n\n\n\n<p>\u2022 Cozinhando para C\u00e3es: produtos de fabrica\u00e7\u00e3o pr\u00f3pria \u00e0 venda, como biscoitos, prote\u00ednas desidratadas e mordedores naturais. Os pets ser\u00e3o presenteados com biscoitos e salgadinhos, al\u00e9m de aproveitarem o campo com almofad\u00f5es, poste com saquinho cata caca e&nbsp;potes&nbsp;com&nbsp;\u00e1gua.<\/p>\n","protected":false},"excerpt":{"rendered":"<p>Realizado em S\u00e3o Luiz do Purun\u00e3, o evento acontece nos dias 16 e 17 de agosto e traz combo de atividades culturais, musicais e gastron\u00f4micas O Campo das Artes, em S\u00e3o Luiz do Purun\u00e3 (Balsa Nova), recebe a 4\u00aa edi\u00e7\u00e3o do Mata Atl\u00e2ntica Ecofestival nos dias 16 e 17 de agosto (10h \u00e0s 18h). Conhecido [&hellip;]<\/p>\n","protected":false},"author":1,"featured_media":4816,"comment_status":"open","ping_status":"open","sticky":false,"template":"","format":"standard","meta":{"footnotes":""},"categories":[29,186],"tags":[],"class_list":["post-4815","post","type-post","status-publish","format-standard","has-post-thumbnail","hentry","category-artigos","category-eventos"],"_links":{"self":[{"href":"https:\/\/diarioparanaense.com\/index.php?rest_route=\/wp\/v2\/posts\/4815","targetHints":{"allow":["GET"]}}],"collection":[{"href":"https:\/\/diarioparanaense.com\/index.php?rest_route=\/wp\/v2\/posts"}],"about":[{"href":"https:\/\/diarioparanaense.com\/index.php?rest_route=\/wp\/v2\/types\/post"}],"author":[{"embeddable":true,"href":"https:\/\/diarioparanaense.com\/index.php?rest_route=\/wp\/v2\/users\/1"}],"replies":[{"embeddable":true,"href":"https:\/\/diarioparanaense.com\/index.php?rest_route=%2Fwp%2Fv2%2Fcomments&post=4815"}],"version-history":[{"count":1,"href":"https:\/\/diarioparanaense.com\/index.php?rest_route=\/wp\/v2\/posts\/4815\/revisions"}],"predecessor-version":[{"id":4817,"href":"https:\/\/diarioparanaense.com\/index.php?rest_route=\/wp\/v2\/posts\/4815\/revisions\/4817"}],"wp:featuredmedia":[{"embeddable":true,"href":"https:\/\/diarioparanaense.com\/index.php?rest_route=\/wp\/v2\/media\/4816"}],"wp:attachment":[{"href":"https:\/\/diarioparanaense.com\/index.php?rest_route=%2Fwp%2Fv2%2Fmedia&parent=4815"}],"wp:term":[{"taxonomy":"category","embeddable":true,"href":"https:\/\/diarioparanaense.com\/index.php?rest_route=%2Fwp%2Fv2%2Fcategories&post=4815"},{"taxonomy":"post_tag","embeddable":true,"href":"https:\/\/diarioparanaense.com\/index.php?rest_route=%2Fwp%2Fv2%2Ftags&post=4815"}],"curies":[{"name":"wp","href":"https:\/\/api.w.org\/{rel}","templated":true}]}}